{"id":251528,"date":"2025-07-16T14:35:09","date_gmt":"2025-07-16T14:35:09","guid":{"rendered":"https:\/\/www.europesays.com\/fr\/251528\/"},"modified":"2025-07-16T14:35:09","modified_gmt":"2025-07-16T14:35:09","slug":"marseille-un-incendie-denvergure-se-declare-dans-les-quartiers-nord-deux-hectares-parcourus","status":"publish","type":"post","link":"https:\/\/www.europesays.com\/fr\/251528\/","title":{"rendered":"Marseille. Un incendie d&rsquo;envergure se d\u00e9clare dans les quartiers nord, deux hectares parcourus"},"content":{"rendered":"<p>            Par<br \/>\n        <strong><br \/>\n            <a href=\"https:\/\/actu.fr\/auteur\/thibault-nadal-actu-fr\" title=\"Consulter tous les articles de Thibault Nadal\" target=\"_blank\" rel=\"noopener\">Thibault Nadal<\/a><br \/>\n        <\/strong><\/p>\n<p>        Publi\u00e9 le<\/p>\n<p>            16 juil. 2025 \u00e0 15h52<br \/>\n        ; mis \u00e0 jour le 16 juil. 2025 \u00e0 16h25    <\/p>\n<p>Une semaine apr\u00e8s <a href=\"https:\/\/actu.fr\/provence-alpes-cote-d-azur\/marseille_13055\/violent-incendie-a-marseille-reactivation-du-feu-lisieres-toujours-actives-des-blesses_62886274.html\" target=\"_blank\" rel=\"noopener\">le violent incendie<\/a> qui a ravag\u00e9 <a href=\"https:\/\/actu.fr\/provence-alpes-cote-d-azur\/les-pennes-mirabeau_13071\" target=\"_blank\" rel=\"noopener\">Les Pennes-Mirabeau<\/a> (<a href=\"https:\/\/actu.fr\/provence-alpes-cote-d-azur\/bouches-du-rhone_13\" target=\"_blank\" rel=\"noopener\">Bouches-du-Rh\u00f4ne<\/a>) et le 16e arrondissement de <a href=\"https:\/\/actu.fr\/marseille\/\" target=\"_blank\" rel=\"noopener\">Marseille<\/a>, un nouveau <a href=\"https:\/\/actu.fr\/tag\/incendie\" target=\"_blank\" rel=\"noopener\">feu<\/a> d\u2019envergure vient de se d\u00e9clarer dans le nord de la cit\u00e9 phoc\u00e9enne, apprend actu Marseille aupr\u00e8s des <a href=\"https:\/\/actu.fr\/tag\/marin-pompier\" target=\"_blank\" rel=\"noopener\">marins-pompiers<\/a>.<\/p>\n<p class=\" wall-content\">L\u2019incendie s\u2019est d\u00e9clar\u00e9 au niveau du <strong>parc Seon, dans le quartier de Consolat<\/strong> dans le 15e arrondissement.<\/p>\n<p>    <a href=\"https:\/\/www.google.com\/maps\/embed?pb=!1m18!1m12!1m3!1d6901.248375514811!2d5.34718115363643!3d43.343192300215584!2m3!1f0!2f0!3f0!3m2!1i1024!2i768!4f13.1!3m3!1m2!1s0x12c9c1cc4194b8eb%3A0x4dbb7a792405988f!2sParc%20S%C3%A9on!5e0!3m2!1sfr!2sfr!4v1752672427565!5m2!1sfr!2sfr\" title=\"Ouvrie le lien\" target=\"_blank\" rel=\"noopener\">Cliquez ici pour visualiser le contenu<\/a><\/p>\n<p>Plus de deux hectares d\u00e9j\u00e0 br\u00fbl\u00e9s<\/p>\n<p class=\" wall-content\">Selon les secours, l\u2019incendie \u2013 qui est un feu de v\u00e9g\u00e9tation \u2013 a d\u00e9j\u00e0 <strong>parcouru plus de deux hectares<\/strong>. Le feu est \u00ab\u2009fix\u00e9\u2009\u00bb, annoncent les marins-pompiers qui proc\u00e8dent actuellement \u00e0 des op\u00e9rations de \u00ab\u2009noyage\u2009\u00bb pour \u00e9viter une reprise dans la soir\u00e9e et\/ou dans la nuit.<\/p>\n<p class=\" wall-content\">Un temps menac\u00e9, deux \u00e9tablissements <strong>(lyc\u00e9es Nord et Saint-Exup\u00e9ry)<\/strong> ont \u00e9t\u00e9 prot\u00e9g\u00e9s par les secours.<\/p>\n<p>Vid\u00e9os : en ce moment sur Actu<\/p>\n<p class=\" wall-content\">\n<p class=\" wall-content\">Compte tenu des fortes rafales de vent, d\u2019importants mpyens ont \u00e9t\u00e9 d\u00e9ploy\u00e9s avec 95 marins-pompiers et 32 engins. Les Bouches-du-Rh\u00f4ne sont d\u2019ailleurs plac\u00e9es en <a href=\"https:\/\/actu.fr\/provence-alpes-cote-d-azur\/marseille_13055\/risque-d-incendie-a-marseille-meteo-france-degaine-la-vigilance-rouge-des-massifs-forestiers-interdits_62912016.html\" target=\"_blank\" rel=\"noopener\">vigilance rouge feux de for\u00eat par M\u00e9t\u00e9o-France<\/a>.<\/p>\n<p>Il faut \u00e9viter le secteur<\/p>\n<p class=\" wall-content\">Sur les r\u00e9seaux sociaux, la pr\u00e9fecture des Bouches-du-Rh\u00f4ne recommande \u00ab\u2009d\u2019\u00e9viter le secteur\u2009\u00bb.<\/p>\n<p class=\" wall-content\">\n<p class=\" wall-content\">Un temps annonc\u00e9 \u00ab\u2009suspendu\u2009\u00bb par la pr\u00e9fecture, le r\u00e9seau <a href=\"https:\/\/actu.fr\/tag\/sncf\" target=\"_blank\" rel=\"noopener\">SNCF<\/a> n\u2019est pas perturb\u00e9. <strong>\u00ab\u2009Les trains circulent normalement.<\/strong>\u2009\u00bb<\/p>\n<p class=\" wall-content\">Suivez toute l\u2019actualit\u00e9 de vos villes et m\u00e9dias favoris en vous inscrivant \u00e0 <a href=\"https:\/\/moncompte.actu.fr\" title=\"D\u00e9couvez Mon Actu\" rel=\"nofollow noopener\" data-trk=\"{&quot;cta&quot;:{&quot;action&quot;:&quot;https:\\\/\\\/moncompte.actu.fr&quot;,&quot;category&quot;:&quot;mon compte&quot;,&quot;from&quot;:&quot;article footer&quot;,&quot;name&quot;:&quot;Mon actu&quot;,&quot;type&quot;:&quot;cta&quot;}}\" target=\"_blank\">Mon Actu<\/a>.<\/p>\n","protected":false},"excerpt":{"rendered":"Par Thibault Nadal Publi\u00e9 le 16 juil. 2025 \u00e0 15h52 ; mis \u00e0 jour le 16 juil. 2025&hellip;\n","protected":false},"author":2,"featured_media":251529,"comment_status":"","ping_status":"","sticky":false,"template":"","format":"standard","meta":{"footnotes":""},"categories":[2814],"tags":[1111,11,1777,674,118,1011,27,1310,17289,884,12,882,25,2215],"class_list":{"0":"post-251528","1":"post","2":"type-post","3":"status-publish","4":"format-standard","5":"has-post-thumbnail","7":"category-marseille","8":"tag-actu","9":"tag-actualites","10":"tag-eu","11":"tag-europe","12":"tag-faits-divers","13":"tag-fr","14":"tag-france","15":"tag-incendie","16":"tag-marin-pompier","17":"tag-marseille","18":"tag-news","19":"tag-provence-alpes-cote-dazur","20":"tag-republique-francaise","21":"tag-sncf"},"share_on_mastodon":{"url":"https:\/\/pubeurope.com\/@fr\/114863415310092585","error":""},"_links":{"self":[{"href":"https:\/\/www.europesays.com\/fr\/wp-json\/wp\/v2\/posts\/251528","targetHints":{"allow":["GET"]}}],"collection":[{"href":"https:\/\/www.europesays.com\/fr\/wp-json\/wp\/v2\/posts"}],"about":[{"href":"https:\/\/www.europesays.com\/fr\/wp-json\/wp\/v2\/types\/post"}],"author":[{"embeddable":true,"href":"https:\/\/www.europesays.com\/fr\/wp-json\/wp\/v2\/users\/2"}],"replies":[{"embeddable":true,"href":"https:\/\/www.europesays.com\/fr\/wp-json\/wp\/v2\/comments?post=251528"}],"version-history":[{"count":0,"href":"https:\/\/www.europesays.com\/fr\/wp-json\/wp\/v2\/posts\/251528\/revisions"}],"wp:featuredmedia":[{"embeddable":true,"href":"https:\/\/www.europesays.com\/fr\/wp-json\/wp\/v2\/media\/251529"}],"wp:attachment":[{"href":"https:\/\/www.europesays.com\/fr\/wp-json\/wp\/v2\/media?parent=251528"}],"wp:term":[{"taxonomy":"category","embeddable":true,"href":"https:\/\/www.europesays.com\/fr\/wp-json\/wp\/v2\/categories?post=251528"},{"taxonomy":"post_tag","embeddable":true,"href":"https:\/\/www.europesays.com\/fr\/wp-json\/wp\/v2\/tags?post=251528"}],"curies":[{"name":"wp","href":"https:\/\/api.w.org\/{rel}","templated":true}]}}