{"id":251530,"date":"2025-07-16T14:36:14","date_gmt":"2025-07-16T14:36:14","guid":{"rendered":"https:\/\/www.europesays.com\/fr\/251530\/"},"modified":"2025-07-16T14:36:14","modified_gmt":"2025-07-16T14:36:14","slug":"avec-les-majorations-je-dois-1-035-euros-a-marseille-les-habitants-dune-copropriete-inondes-de-contraventions","status":"publish","type":"post","link":"https:\/\/www.europesays.com\/fr\/251530\/","title":{"rendered":"\u00ab\u00a0Avec les majorations, je dois 1\u00a0035\u00a0euros\u00a0\u00bb\u00a0: \u00e0 Marseille, les habitants d\u2019une copropri\u00e9t\u00e9 inond\u00e9s de contraventions"},"content":{"rendered":"<p class=\"paragraph text_align_left lp-f-body-02\">Ils se sentent harcel\u00e9s ! Les r\u00e9sidents de Cap Vista, une petite copropri\u00e9t\u00e9 du XIVe arrondissement de <a href=\"https:\/\/www.leparisien.fr\/bouches-du-rhone-13\/\" target=\"_blank\" rel=\"noreferrer noopener\">Marseille (Bouches-du-Rh\u00f4ne),<\/a> ont saisi le parquet de la cit\u00e9 phoc\u00e9enne et la hi\u00e9rarchie de la police nationale apr\u00e8s avoir re\u00e7u des montagnes de PV de stationnement \u00e0 135 euros dress\u00e9s par le m\u00eame policier qui, selon eux, habiterait sur place. Au point que les saisies sur salaire se multiplient.<\/p>\n<p class=\"paragraph text_align_left lp-f-body-02\">\u00ab J\u2019ai re\u00e7u mon premier PV en ao\u00fbt dernier, j\u2019ai en d\u00e9sormais 11 en tout, alors que l\u2019on se gare tous l\u00e0 o\u00f9 on habite, dans une r\u00e9sidence ferm\u00e9e derri\u00e8re un portail \u00bb, raconte Halima, une jeune maman qui a contest\u00e9 tous les proc\u00e8s-verbaux.<\/p>\n<p>\u00ab Je suis compl\u00e8tement stress\u00e9e chaque fois que je vais chercher mon courrier \u00bb<\/p>\n<p class=\"paragraph text_align_left lp-f-body-02\">\u00ab J\u2019en ai parl\u00e9 avec ma voisine qui m\u2019a dit que \u00e7a durait depuis 2021, je ne m\u2019en rendais pas compte car je travaillais et je n\u2019\u00e9tais pas souvent l\u00e0. Mais en mars, j\u2019ai eu un arr\u00eat maladie et, depuis, \u00e7a n\u2019arr\u00eate pas. Je suis compl\u00e8tement stress\u00e9e chaque fois que je vais chercher mon courrier : avec les majorations, je dois d\u00e9j\u00e0 1 035 euros, mes voisins ont des saisies sur leurs comptes. On demande une enqu\u00eate et que le policier responsable soit sanctionn\u00e9. On n\u2019a rien contre la police, il y a de tr\u00e8s bons policiers, mais l\u00e0, il y a un probl\u00e8me. \u00bb<\/p>\n<p class=\"paragraph text_align_left lp-f-body-02\">Selon le premier recensement effectu\u00e9 par le voisinage, au moins une centaine de ces PV qui pourraient \u00eatre litigieux ont \u00e9t\u00e9 dress\u00e9s.<\/p>\n<p class=\"paragraph text_align_left lp-f-body-02\">Les habitants de la r\u00e9sidence Cap Vista sont entr\u00e9s en contact avec Herv\u00e9 Street, un entrepreneur marseillais \u00e0 qui la m\u00eame m\u00e9saventure \u00e9tait arriv\u00e9e dans un autre quartier et dont tous les PV dress\u00e9s par une voisine polici\u00e8re avaient \u00e9t\u00e9 annul\u00e9s par le tribunal de police le 12 mars dernier.<\/p>\n","protected":false},"excerpt":{"rendered":"Ils se sentent harcel\u00e9s ! Les r\u00e9sidents de Cap Vista, une petite copropri\u00e9t\u00e9 du XIVe arrondissement de Marseille&hellip;\n","protected":false},"author":2,"featured_media":251531,"comment_status":"","ping_status":"","sticky":false,"template":"","format":"standard","meta":{"footnotes":""},"categories":[2814],"tags":[1111,917,11,11004,459,1777,674,1011,27,884,12,882,25],"class_list":{"0":"post-251530","1":"post","2":"type-post","3":"status-publish","4":"format-standard","5":"has-post-thumbnail","7":"category-marseille","8":"tag-actu","9":"tag-actu-locale","10":"tag-actualites","11":"tag-bouches-du-rhone-13","12":"tag-departements-horsidfo","13":"tag-eu","14":"tag-europe","15":"tag-fr","16":"tag-france","17":"tag-marseille","18":"tag-news","19":"tag-provence-alpes-cote-dazur","20":"tag-republique-francaise"},"share_on_mastodon":{"url":"https:\/\/pubeurope.com\/@fr\/114863419374047901","error":""},"_links":{"self":[{"href":"https:\/\/www.europesays.com\/fr\/wp-json\/wp\/v2\/posts\/251530","targetHints":{"allow":["GET"]}}],"collection":[{"href":"https:\/\/www.europesays.com\/fr\/wp-json\/wp\/v2\/posts"}],"about":[{"href":"https:\/\/www.europesays.com\/fr\/wp-json\/wp\/v2\/types\/post"}],"author":[{"embeddable":true,"href":"https:\/\/www.europesays.com\/fr\/wp-json\/wp\/v2\/users\/2"}],"replies":[{"embeddable":true,"href":"https:\/\/www.europesays.com\/fr\/wp-json\/wp\/v2\/comments?post=251530"}],"version-history":[{"count":0,"href":"https:\/\/www.europesays.com\/fr\/wp-json\/wp\/v2\/posts\/251530\/revisions"}],"wp:featuredmedia":[{"embeddable":true,"href":"https:\/\/www.europesays.com\/fr\/wp-json\/wp\/v2\/media\/251531"}],"wp:attachment":[{"href":"https:\/\/www.europesays.com\/fr\/wp-json\/wp\/v2\/media?parent=251530"}],"wp:term":[{"taxonomy":"category","embeddable":true,"href":"https:\/\/www.europesays.com\/fr\/wp-json\/wp\/v2\/categories?post=251530"},{"taxonomy":"post_tag","embeddable":true,"href":"https:\/\/www.europesays.com\/fr\/wp-json\/wp\/v2\/tags?post=251530"}],"curies":[{"name":"wp","href":"https:\/\/api.w.org\/{rel}","templated":true}]}}