{"id":251535,"date":"2025-07-16T14:40:49","date_gmt":"2025-07-16T14:40:49","guid":{"rendered":"https:\/\/www.europesays.com\/fr\/251535\/"},"modified":"2025-07-16T14:40:49","modified_gmt":"2025-07-16T14:40:49","slug":"la-circulation-promet-detre-tres-compliquee-sur-les-routes-dile-de-france-ce-week-end","status":"publish","type":"post","link":"https:\/\/www.europesays.com\/fr\/251535\/","title":{"rendered":"la circulation promet d&rsquo;\u00eatre tr\u00e8s compliqu\u00e9e sur les routes d&rsquo;\u00cele-de-France ce week-end"},"content":{"rendered":"<p>            Par<br \/>\n        <strong><br \/>\n            <a href=\"https:\/\/actu.fr\/auteur\/redaction-paris\" title=\"Consulter tous les articles de R\u00e9daction Paris\" target=\"_blank\" rel=\"noopener\">R\u00e9daction Paris<\/a><br \/>\n        <\/strong><\/p>\n<p>        Publi\u00e9 le<\/p>\n<p>            16 juil. 2025 \u00e0 16h14        <\/p>\n<p>Il ne s\u2019agit pas seulement d\u2019un seul axe en tension. La France enti\u00e8re est drap\u00e9e de rouge. <a href=\"https:\/\/www.bison-fute.gouv.fr\/du-18-07-au-20-07.html\" target=\"_blank\" rel=\"noopener\">Bison Fut\u00e9<\/a> a pr\u00e9sent\u00e9 ses pr\u00e9visions pour les jours \u00e0 venir, notamment pour les journ\u00e9es du vendredi et du samedi 18 et 19 juillet 2025. Comme tous les week-ends de chaque \u00e9t\u00e9, bon nombre de Fran\u00e7ais vont prendre le volant pour <strong>quitter la ville et rejoindre la c\u00f4te<\/strong>, la montagne ou la campagne le temps des vacances.<\/p>\n<p class=\" wall-content\"><a href=\"https:\/\/actu.fr\/ile-de-france\/paris_75056\/meteo-des-orages-et-des-temperatures-en-chute-libre-prevus-ce-week-end-a-paris_62916717.html\" target=\"_blank\" rel=\"noopener\">Malgr\u00e9 une m\u00e9t\u00e9o orageuse<\/a>, les juillettistes ne reculent devant rien pour profiter des cong\u00e9s.<\/p>\n<p>Les pr\u00e9visions pour vendredi<\/p>\n<p class=\" wall-content\">D\u2019apr\u00e8s les pr\u00e9visions de Bison Fut\u00e9, ce quatri\u00e8me week-end estival devrait commencer sur les chapeaux de roues avec un vendredi class\u00e9 rouge dans le sens des d\u00e9parts. Les routes rejoignant la c\u00f4te Atlantique, la r\u00e9gion Auvergne-Rh\u00f4ne-Alpes et la c\u00f4te m\u00e9diterran\u00e9enne devraient voir une circulation \u00ab\u2009tr\u00e8s dense\u2009\u00bb, selon le sp\u00e9cialiste du trafic routier. \u00ab\u2009En \u00cele-de-France, la circulation sera dense d\u00e8s la fin de matin\u00e9e en direction des diff\u00e9rentes barri\u00e8res de p\u00e9ages, <strong>notamment sur les autoroutes A6 et A10<\/strong>\u2009\u00bb, pr\u00e9cise-t-il.<\/p>\n<p class=\" wall-content\">Dans le sens des retours, les axes au d\u00e9part de l\u2019Arc m\u00e9diterran\u00e9en devraient \u00eatre tr\u00e8s sollicit\u00e9s, \u00e0 l\u2019instar des autoroutes A7, A8, A9, A50 et A54.<\/p>\n<p>    <img   decoding=\"async\" loading=\"lazy\" src=\"https:\/\/www.europesays.com\/fr\/wp-content\/uploads\/2025\/07\/vendredi-960x640.png\" alt=\"La journ\u00e9e de vendredi 18 juillet 2025 est class\u00e9e rouge dans le sens des d\u00e9parts.\" width=\"960\" height=\"640\"\/><br \/>\n    La journ\u00e9e de vendredi 18\u00a0juillet 2025 est class\u00e9e rouge dans le sens des d\u00e9parts. (\u00a9Bison Fut\u00e9)Vid\u00e9os : en ce moment sur Actu<\/p>\n<p class=\" wall-content\"><strong>Les conseils dans le sens des d\u00e9parts<\/strong><\/p>\n<ul class=\" wall-content\">\n<li>quittez ou traversez l\u2019\u00cele-de-France avant 10h ou apr\u00e8s 22h,<\/li>\n<li>\u00e9vitez l\u2019autoroute A2, entre Combles et la Belgique de 13h \u00e0 19h,<\/li>\n<li>\u00e9vitez l\u2019autoroute A31, entre Nancy et le Luxembourg, de 11h \u00e0 19h,<\/li>\n<li>\u00e9vitez l\u2019autoroute A10, entre Paris et Orl\u00e9ans, de 10h \u00e0 22h, entre Orl\u00e9ans et Tours de 16h \u00e0 18h et entre Saintes et Bordeaux, de 14h \u00e0 19h,<\/li>\n<li>\u00e9vitez l\u2019autoroute A63, entre Bordeaux et Bayonne, de 14h \u00e0 20h,<\/li>\n<li>\u00e9vitez l\u2019autoroute A7, entre Lyon et Orange de 16h \u00e0 19h et entre Orange et Marseille, de 14h \u00e0 18h,<\/li>\n<li>\u00e9vitez l\u2019autoroute A46 et la route nationale 346, pour le contournement Est de Lyon, entre 11h et 19h,<\/li>\n<li>\u00e9vitez le tunnel du Mont-Blanc (N205), entre la France et l\u2019Italie, de 11h \u00e0 20h.<\/li>\n<\/ul>\n<p class=\" wall-content\"><strong>Les conseils dans le sens des retours<\/strong><\/p>\n<ul class=\" wall-content\">\n<li>\u00e9vitez l\u2019autoroute A9, entre l\u2019Espagne et Narbonne, de 17h \u00e0 19h,<\/li>\n<li>\u00e9vitez l\u2019autoroute A8, entre l\u2019Italie et Le Luc, de 17h \u00e0 20h,<\/li>\n<li>\u00e9vitez l\u2019autoroute A57, entre Le Luc et Toulon, de 18h \u00e0 20h,<\/li>\n<li>\u00e9vitez l\u2019autoroute A50, entre Toulon et Marseille, de 18h \u00e0 20h,<\/li>\n<li>\u00e9vitez l\u2019autoroute A7, entre Marseille et Orange, de 12h \u00e0 19h,<\/li>\n<li>\u00e9vitez l\u2019autoroute A54 et la route nationale 113, entre Salon-de-Provence et N\u00eemes, de 15h \u00e0 20h.<\/li>\n<\/ul>\n<p>Les pr\u00e9visions pour samedi<\/p>\n<p class=\" wall-content\">Et pour samedi, rebelote. Les difficult\u00e9s de circulation <strong>commenceront tr\u00e8s t\u00f4t le matin<\/strong> en \u00cele-de-France <strong>pour finir en d\u00e9but de soir\u00e9e<\/strong>. Les premiers ralentissements pourraient appara\u00eetre sur l\u2019autoroute A10 et, dans une moindre mesure, sur l\u2019autoroute A6. \u00ab\u2009Rapidement, le trafic s\u2019intensifiera nettement et ce sont les principales radiales et rocades qui convergent vers ces axes qui pourraient conna\u00eetre \u00e0 leur tour des difficult\u00e9s de circulation plus ou moins importantes selon les secteurs\u2009\u00bb, explique Bison Fut\u00e9.<\/p>\n<p>    <img   decoding=\"async\" loading=\"lazy\" src=\"https:\/\/www.europesays.com\/fr\/wp-content\/uploads\/2025\/07\/samedi-960x640.png\" alt=\"Bison Fut\u00e9 voit rouge pour ce quatri\u00e8me week-end estival.\" width=\"960\" height=\"640\"\/><br \/>\n    Bison Fut\u00e9 voit rouge pour ce quatri\u00e8me week-end estival. (\u00a9Bison Fut\u00e9)<\/p>\n<p class=\" wall-content\"><strong>Les conseils dans le sens des d\u00e9parts<\/strong><\/p>\n<ul class=\" wall-content\">\n<li>quittez ou traversez l\u2019\u00cele-de-France avant 5h ou apr\u00e8s 16h,<\/li>\n<li>\u00e9vitez l\u2019autoroute A11, entre Le\u00a0Mans et Angers, de 14h \u00e0 16h,<\/li>\n<li>\u00e9vitez la route nationale 165, entre Nantes et Quimper, de 16h \u00e0 18h,<\/li>\n<li>\u00e9vitez l\u2019autoroute A10, entre Paris et Orl\u00e9ans, de 10h \u00e0 12h, entre Orl\u00e9ans et Tours, de 10h \u00e0 12h, et entre Tours et Bordeaux, de 10h \u00e0 15h,<\/li>\n<li>\u00e9vitez l\u2019autoroute A63, entre Bordeaux et Bayonne, de 10h \u00e0 14h,<\/li>\n<li>\u00e9vitez l\u2019autoroute A7 entre Lyon et Orange, de 8h \u00e0 17h,<\/li>\n<li>\u00e9vitez l\u2019autoroute A9, entre Orange et Montpellier, de 12h \u00e0 15h et entre Montpellier et Narbonne de 11h \u00e0 16h,<\/li>\n<li>\u00e9vitez le tunnel du Mont-Blanc (N205), entre la France et l\u2019Italie, de 7h \u00e0 18h.<\/li>\n<\/ul>\n<p class=\" wall-content\"><strong>Les conseils dans le sens des retours<\/strong><\/p>\n<ul class=\" wall-content\">\n<li>\u00e9vitez l\u2019autoroute A11, entre Nantes et Paris, de 10h \u00e0 14h,<\/li>\n<li>\u00e9vitez la route nationale 165, entre Quimper et Nantes, de 11h \u00e0 13h,<\/li>\n<li>\u00e9vitez l\u2019autoroute A9, entre l\u2019Espagne et Montpellier, de 9h \u00e0 16h, entre Montpellier et Orange de 10h \u00e0 15h,<\/li>\n<li>\u00e9vitez l\u2019autoroute A8, entre l\u2019Italie et la Fare-les-Oliviers, de 10h \u00e0 12h,<\/li>\n<li>\u00e9vitez l\u2019autoroute A7, entre Marseille et Orange, de 12h \u00e0 14h, et entre Orange et Lyon de 12h \u00e0 17h,<\/li>\n<li>\u00e9vitez l\u2019autoroute A54 et la route nationale 113, entre N\u00eemes et Salon-de-Provence, de 10h \u00e0 15h.<\/li>\n<\/ul>\n<p class=\" wall-content\">Suivez toute l\u2019actualit\u00e9 de vos villes et m\u00e9dias favoris en vous inscrivant \u00e0 <a href=\"https:\/\/moncompte.actu.fr\" title=\"D\u00e9couvez Mon Actu\" rel=\"nofollow noopener\" data-trk=\"{&quot;cta&quot;:{&quot;action&quot;:&quot;https:\\\/\\\/moncompte.actu.fr&quot;,&quot;category&quot;:&quot;mon compte&quot;,&quot;from&quot;:&quot;article footer&quot;,&quot;name&quot;:&quot;Mon actu&quot;,&quot;type&quot;:&quot;cta&quot;}}\" target=\"_blank\">Mon Actu<\/a>.<\/p>\n","protected":false},"excerpt":{"rendered":"Par R\u00e9daction Paris Publi\u00e9 le 16 juil. 2025 \u00e0 16h14 Il ne s\u2019agit pas seulement d\u2019un seul axe&hellip;\n","protected":false},"author":2,"featured_media":251536,"comment_status":"","ping_status":"","sticky":false,"template":"","format":"standard","meta":{"footnotes":""},"categories":[1592],"tags":[1111,11,6427,3542,1777,674,1011,27,662,803,12,626,25,104],"class_list":{"0":"post-251535","1":"post","2":"type-post","3":"status-publish","4":"format-standard","5":"has-post-thumbnail","7":"category-ile-de-france","8":"tag-actu","9":"tag-actualites","10":"tag-bison-fute","11":"tag-circulation","12":"tag-eu","13":"tag-europe","14":"tag-fr","15":"tag-france","16":"tag-ile-de-france","17":"tag-info-trafic","18":"tag-news","19":"tag-paris","20":"tag-republique-francaise","21":"tag-societe"},"share_on_mastodon":{"url":"https:\/\/pubeurope.com\/@fr\/114863438806500071","error":""},"_links":{"self":[{"href":"https:\/\/www.europesays.com\/fr\/wp-json\/wp\/v2\/posts\/251535","targetHints":{"allow":["GET"]}}],"collection":[{"href":"https:\/\/www.europesays.com\/fr\/wp-json\/wp\/v2\/posts"}],"about":[{"href":"https:\/\/www.europesays.com\/fr\/wp-json\/wp\/v2\/types\/post"}],"author":[{"embeddable":true,"href":"https:\/\/www.europesays.com\/fr\/wp-json\/wp\/v2\/users\/2"}],"replies":[{"embeddable":true,"href":"https:\/\/www.europesays.com\/fr\/wp-json\/wp\/v2\/comments?post=251535"}],"version-history":[{"count":0,"href":"https:\/\/www.europesays.com\/fr\/wp-json\/wp\/v2\/posts\/251535\/revisions"}],"wp:featuredmedia":[{"embeddable":true,"href":"https:\/\/www.europesays.com\/fr\/wp-json\/wp\/v2\/media\/251536"}],"wp:attachment":[{"href":"https:\/\/www.europesays.com\/fr\/wp-json\/wp\/v2\/media?parent=251535"}],"wp:term":[{"taxonomy":"category","embeddable":true,"href":"https:\/\/www.europesays.com\/fr\/wp-json\/wp\/v2\/categories?post=251535"},{"taxonomy":"post_tag","embeddable":true,"href":"https:\/\/www.europesays.com\/fr\/wp-json\/wp\/v2\/tags?post=251535"}],"curies":[{"name":"wp","href":"https:\/\/api.w.org\/{rel}","templated":true}]}}