{"id":251537,"date":"2025-07-16T14:42:18","date_gmt":"2025-07-16T14:42:18","guid":{"rendered":"https:\/\/www.europesays.com\/fr\/251537\/"},"modified":"2025-07-16T14:42:18","modified_gmt":"2025-07-16T14:42:18","slug":"ile-de-france-jusqua-340-000-personnes-pourraient-etre-logees-dans-des-bureaux-recycles","status":"publish","type":"post","link":"https:\/\/www.europesays.com\/fr\/251537\/","title":{"rendered":"Ile-de-France\u00a0: jusqu&rsquo;\u00e0 340 000 personnes pourraient \u00eatre log\u00e9es dans des bureaux recycl\u00e9s"},"content":{"rendered":"<p><a href=\"https:\/\/94.citoyens.com\/2025\/municipales-2026-49-chefs-de-file-pour-horizons-en-ile-de-france,12-06-2025.html\" title=\"Municipales 2026\u00a0: 49 chefs de file pour Horizons en Ile-de-France\" class=\"visuel\" target=\"_blank\" rel=\"noopener\"> <img decoding=\"async\" src=\"https:\/\/www.europesays.com\/fr\/wp-content\/uploads\/2025\/06\/elections-380x173.jpg\"  class=\"attachment-home-article wp-post-image lazyload\" alt=\"Municipales 2026\u00a0: 49 chefs de file pour Horizons en Ile-de-France\"\/>  \u00a9 Manon Henry\t <\/a>  <img decoding=\"async\" class=\"icone-article-payant\" alt=\"Article r\u00e9serv\u00e9 aux abonn\u00e9s\" src=\"https:\/\/www.europesays.com\/fr\/wp-content\/uploads\/2025\/04\/sans_contour_32x32_couleur_originale.png\"\/>  <a href=\"https:\/\/94.citoyens.com\/2025\/municipales-2026-49-chefs-de-file-pour-horizons-en-ile-de-france,12-06-2025.html\" title=\"Municipales 2026\u00a0: 49 chefs de file pour Horizons en Ile-de-France\" target=\"_blank\" rel=\"noopener\"> Municipales 2026\u00a0: 49 chefs de file pour Horizons en Ile-de-France\t<\/a><\/p>\n<p>Le parti dans l\u2019ancien premier ministre \u00c9douard Philippe a d\u00e9sign\u00e9 130 premiers chefs de file pour les \u00e9lections municipales. 49 noms sont sortis en Ile-de-France, dont seulement 10 femmes. Paris ne figure pas pour l\u2019instant sur cette liste.<\/p>\n<p><a href=\"https:\/\/94.citoyens.com\/2025\/municipales-2026-en-ile-de-france-ludi-designe-75-chefs-de-file,13-07-2025.html\" title=\"Municipales 2026 en Ile-de-France\u00a0: l\u2019UDI d\u00e9signe 74 chefs de file\" class=\"visuel\" target=\"_blank\" rel=\"noopener\"> <img decoding=\"async\" src=\"https:\/\/www.europesays.com\/fr\/wp-content\/uploads\/2025\/07\/vote-380x173.jpg\"  class=\"attachment-home-article wp-post-image lazyload\" alt=\"Municipales 2026 en Ile-de-France\u00a0: l\u2019UDI d\u00e9signe 74 chefs de file\"\/>  \u00a9 AJ\t <\/a> <a href=\"https:\/\/94.citoyens.com\/2025\/municipales-2026-en-ile-de-france-ludi-designe-75-chefs-de-file,13-07-2025.html\" title=\"Municipales 2026 en Ile-de-France\u00a0: l\u2019UDI d\u00e9signe 74 chefs de file\" target=\"_blank\" rel=\"noopener\"> Municipales 2026 en Ile-de-France\u00a0: l\u2019UDI d\u00e9signe 74 chefs de file\t<\/a><\/p>\n<p>Le parti de la droite centriste UDI vient de d\u00e9signer ses 180 premiers r\u00e9f\u00e9rents et r\u00e9f\u00e9rentes pour les \u00e9lections municipales 2026, dont 74 en Ile-de-France. La liste compl\u00e8te par d\u00e9partement.<\/p>\n<p><a href=\"https:\/\/94.citoyens.com\/2025\/seine-saint-denis-20-de-bureaux-vides-a-mobiliser-contre-la-crise-du-logement-social,15-07-2025.html\" title=\"Seine-Saint-Denis : 20 % de bureaux vides \u00e0 mobiliser contre la crise du logement social\" class=\"visuel\" target=\"_blank\" rel=\"noopener\"> <img decoding=\"async\" src=\"https:\/\/www.europesays.com\/fr\/wp-content\/uploads\/2025\/07\/pression-fonciere-380x173.jpeg\"  class=\"attachment-home-article wp-post-image lazyload\" alt=\"Seine-Saint-Denis : 20 % de bureaux vides \u00e0 mobiliser contre la crise du logement social\"\/>  \u00a9 CH\t <\/a> <a class=\"lien-icone-article-payant\" href=\"https:\/\/94.citoyens.com\/gestion-abonnement\/paiement-abonnement?level=1\" title=\"Article r\u00e9serv\u00e9 aux abonn\u00e9s\" target=\"_blank\" rel=\"noopener\">  <img decoding=\"async\" class=\"icone-article-payant\" alt=\"Article r\u00e9serv\u00e9 aux abonn\u00e9s\" src=\"https:\/\/www.europesays.com\/fr\/wp-content\/uploads\/2025\/04\/sans_contour_32x32_couleur_originale.png\"\/>  <\/a> <a href=\"https:\/\/94.citoyens.com\/2025\/seine-saint-denis-20-de-bureaux-vides-a-mobiliser-contre-la-crise-du-logement-social,15-07-2025.html\" title=\"Seine-Saint-Denis : 20 % de bureaux vides \u00e0 mobiliser contre la crise du logement social\" target=\"_blank\" rel=\"noopener\"> Seine-Saint-Denis : 20 % de bureaux vides \u00e0 mobiliser contre la crise du logement social\t<\/a><\/p>\n<p>Alors que 20% des bureaux sont vacants en Seine-Saint-Denis, la crise du logement social continue de s\u2019amplifier en raison de la progression des prix du parc priv\u00e9 sup\u00e9rieure \u00e0 celle des revenus et de l\u2019inflation, et des besoins li\u00e9s aux grandes op\u00e9rations de renouvellement urbain. Dans ce contexte, la reconversion des bureaux en logements sociaux\u2026<\/p>\n<p><a href=\"https:\/\/94.citoyens.com\/2025\/municipales-2026-en-ile-de-france-le-modem-designe-une-trentaine-de-chefs-de-file,11-06-2025.html\" title=\"Municipales 2026 en Ile-de-France\u00a0: le Modem d\u00e9signe une trentaine de chefs de file\" class=\"visuel\" target=\"_blank\" rel=\"noopener\"> <img decoding=\"async\" src=\"https:\/\/www.europesays.com\/fr\/wp-content\/uploads\/2025\/07\/1752676938_54_vote-380x173.jpg\"  class=\"attachment-home-article wp-post-image lazyload\" alt=\"Municipales 2026 en Ile-de-France\u00a0: le Modem d\u00e9signe une trentaine de chefs de file\"\/> <\/a>  <img decoding=\"async\" class=\"icone-article-payant\" alt=\"Article r\u00e9serv\u00e9 aux abonn\u00e9s\" src=\"https:\/\/www.europesays.com\/fr\/wp-content\/uploads\/2025\/04\/sans_contour_32x32_couleur_originale.png\"\/>  <a href=\"https:\/\/94.citoyens.com\/2025\/municipales-2026-en-ile-de-france-le-modem-designe-une-trentaine-de-chefs-de-file,11-06-2025.html\" title=\"Municipales 2026 en Ile-de-France\u00a0: le Modem d\u00e9signe une trentaine de chefs de file\" target=\"_blank\" rel=\"noopener\"> Municipales 2026 en Ile-de-France\u00a0: le Modem d\u00e9signe une trentaine de chefs de file\t<\/a><\/p>\n<p>Le Modem a d\u00e9sign\u00e9 ses 120 premiers chefs et cheffes de file pour les municipales 2026, dont 34 en Ile-de-France, 26 hommes et 8 femmes. Y figurent notamment le ministre des Affaires \u00e9trang\u00e8res, Jean-Noel Barrot, \u00e0 Versailles, et trois maires sortants, dont Didier Dousset, au Plessis-Tr\u00e9vise, C\u00e9dric Pemba Marine \u00e0 Port-Marly et Richard Delepierre au\u2026<\/p>\n","protected":false},"excerpt":{"rendered":"\u00a9 Manon Henry Municipales 2026\u00a0: 49 chefs de file pour Horizons en Ile-de-France Le parti dans l\u2019ancien premier&hellip;\n","protected":false},"author":2,"featured_media":251538,"comment_status":"","ping_status":"","sticky":false,"template":"","format":"standard","meta":{"footnotes":""},"categories":[1592],"tags":[1111,11,39166,12641,6275,5665,6656,39167,39168,37989,14770,4107,4298,39169,30572,39170,14772,14181,5379,39171,39172,14774,1777,674,3531,11587,1011,27,7937,39173,3314,662,7658,7174,1877,30579,16354,2846,6459,39174,39175,10118,27541,30215,5672,30580,21622,12,20414,39176,16483,30582,25668,626,39177,9961,39178,25,16810,30585,18341,1053,6919,31629,1945,20752,1352,35695,21681,39179,19792,21683,12654,1938],"class_list":{"0":"post-251537","1":"post","2":"type-post","3":"status-publish","4":"format-standard","5":"has-post-thumbnail","7":"category-ile-de-france","8":"tag-actu","9":"tag-actualites","10":"tag-apur","11":"tag-arcueil","12":"tag-aubervilliers","13":"tag-bagnolet","14":"tag-bobigny","15":"tag-bureaux-vacants","16":"tag-bureaux-vides","17":"tag-cergy-pontoise","18":"tag-champigny-sur-marne","19":"tag-chantier","20":"tag-chiffres","21":"tag-clamart","22":"tag-clichy","23":"tag-cretei","24":"tag-creteil","25":"tag-crise-sanitaire","26":"tag-demolition","27":"tag-demolitions","28":"tag-departements-franciliens","29":"tag-est-parisien-2","30":"tag-eu","31":"tag-europe","32":"tag-financement","33":"tag-fondation-abbe-pierre","34":"tag-fr","35":"tag-france","36":"tag-gentilly","37":"tag-guyancourt","38":"tag-hauts-de-seine","39":"tag-ile-de-france","40":"tag-immobilier-dentreprise","41":"tag-institut-paris-region","42":"tag-la-defense","43":"tag-levallois-perret","44":"tag-logement-social","45":"tag-logements","46":"tag-logements-sociaux","47":"tag-marc-guillaume","48":"tag-marne-la-vallee","49":"tag-massy","50":"tag-metropole-du-grand-paris","51":"tag-montigny-le-bretonneux","52":"tag-montreuil","53":"tag-montrouge","54":"tag-neuilly-sur-seine","55":"tag-news","56":"tag-noisy-le-grand","57":"tag-orie","58":"tag-orly","59":"tag-palaiseau","60":"tag-pantin","61":"tag-paris","62":"tag-paris-ouest-la-defense","63":"tag-permis-de-construire","64":"tag-plaine-commune","65":"tag-republique-francaise","66":"tag-restructurations","67":"tag-saint-cloud","68":"tag-saint-denis","69":"tag-saint-ouen","70":"tag-saint-quentin","71":"tag-saint-quentin-en-yvelines","72":"tag-seine-saint-denis","73":"tag-suresnes","74":"tag-urbanisme","75":"tag-valerie-letard","76":"tag-vanves","77":"tag-velizy-villacoublay","78":"tag-villeneuve-la-garenne","79":"tag-vincennes","80":"tag-vitry-sur-seine","81":"tag-yvelines"},"share_on_mastodon":{"url":"","error":"Validation failed: Text character limit of 500 exceeded"},"_links":{"self":[{"href":"https:\/\/www.europesays.com\/fr\/wp-json\/wp\/v2\/posts\/251537","targetHints":{"allow":["GET"]}}],"collection":[{"href":"https:\/\/www.europesays.com\/fr\/wp-json\/wp\/v2\/posts"}],"about":[{"href":"https:\/\/www.europesays.com\/fr\/wp-json\/wp\/v2\/types\/post"}],"author":[{"embeddable":true,"href":"https:\/\/www.europesays.com\/fr\/wp-json\/wp\/v2\/users\/2"}],"replies":[{"embeddable":true,"href":"https:\/\/www.europesays.com\/fr\/wp-json\/wp\/v2\/comments?post=251537"}],"version-history":[{"count":0,"href":"https:\/\/www.europesays.com\/fr\/wp-json\/wp\/v2\/posts\/251537\/revisions"}],"wp:featuredmedia":[{"embeddable":true,"href":"https:\/\/www.europesays.com\/fr\/wp-json\/wp\/v2\/media\/251538"}],"wp:attachment":[{"href":"https:\/\/www.europesays.com\/fr\/wp-json\/wp\/v2\/media?parent=251537"}],"wp:term":[{"taxonomy":"category","embeddable":true,"href":"https:\/\/www.europesays.com\/fr\/wp-json\/wp\/v2\/categories?post=251537"},{"taxonomy":"post_tag","embeddable":true,"href":"https:\/\/www.europesays.com\/fr\/wp-json\/wp\/v2\/tags?post=251537"}],"curies":[{"name":"wp","href":"https:\/\/api.w.org\/{rel}","templated":true}]}}