{"id":251547,"date":"2025-07-16T14:49:28","date_gmt":"2025-07-16T14:49:28","guid":{"rendered":"https:\/\/www.europesays.com\/fr\/251547\/"},"modified":"2025-07-16T14:49:28","modified_gmt":"2025-07-16T14:49:28","slug":"linfrastructure-dun-collectif-de-hackers-pro-russe-responsable-de-plus-de-2-200-cyberattaques-en-france-a-ete-demantelee","status":"publish","type":"post","link":"https:\/\/www.europesays.com\/fr\/251547\/","title":{"rendered":"L&rsquo;infrastructure d&rsquo;un collectif de hackers pro-russe, responsable de plus de 2\u00a0200 cyberattaques en France, a \u00e9t\u00e9 d\u00e9mantel\u00e9e"},"content":{"rendered":"\n<p class=\"c-chapo \">\n  Le collectif, NoName, est responsable de plus de 2\u00a0200 cyberattaques en France depuis 2023, \u00ab\u00a0qui ont touch\u00e9 plus de 200 entreprises et institutions publiques\u00a0\u00bb, estime le parquet de Paris dans un communiqu\u00e9 mercredi.\n<\/p>\n<p>            lire plus tard<\/p>\n<p id=\"dialog__title\" class=\"dialog__title\">Pour sauvegarder cet article, connectez-vous ou cr\u00e9ez un compte franceinfo<\/p>\n<p class=\"dialog__description\">Sans paiement. Sans abonnement.<\/p>\n<p>        Fermer la fen\u00eatre d\u2019activation des notifications France Info<\/p>\n<p>            cr\u00e9er votre compte<\/p>\n<p>            se connecter<\/p>\n<p>        Fermer la fen\u00eatre de pr\u00e9sentation<\/p>\n<p>    <img loading=\"lazy\" decoding=\"async\" class=\"signature__image lazyload\" width=\"100\" height=\"100\" data- alt=\"\" src=\"https:\/\/www.europesays.com\/fr\/wp-content\/uploads\/2025\/05\/64a7df4c5fe71_placeholder-36b69ec8.png\"\/><\/p>\n<p>    Publi\u00e9 le 16\/07\/2025 15:06<\/p>\n<p>        Temps de lecture : 3min<\/p>\n<p>    <img decoding=\"async\"  alt=\"Le d\u00e9mant\u00e8lement a eu lieu entre le 14 et le 15 juillet 2025. (Photo d'illustration). (EMMA BUONCRISTIANI \/ MAXPPP)\" width=\"432\" height=\"243\" src=\"https:\/\/www.europesays.com\/fr\/wp-content\/uploads\/2025\/07\/maxstockworld445719-6877a36176329539345976.jpg\" fetchpriority=\"high\"\/><\/p>\n<p>      Le d\u00e9mant\u00e8lement a eu lieu entre le 14 et le 15 juillet 2025. (Photo d&rsquo;illustration). (EMMA BUONCRISTIANI \/ MAXPPP)<\/p>\n<p>Le serveur central du collectif de hackers pro-russe NoName, responsable de plus de 2\u00a0200 cyberattaques en France depuis 2023, a \u00e9t\u00e9 d\u00e9mantel\u00e9, annonce le parquet de Paris mercredi 16 juillet dans un communiqu\u00e9. \u00ab\u00a0L&rsquo;infrastructure du serveur central du groupe a \u00e9t\u00e9 d\u00e9couverte et mise hors ligne\u00a0\u00bb, \u00e9crit le parquet de Paris dans son communiqu\u00e9, expliquant que ce d\u00e9mant\u00e8lement est le fruit d&rsquo;une \u00ab\u00a0action coordonn\u00e9e\u00a0\u00bb conjointe de plusieurs pays europ\u00e9ens (France, Allemagne, Pays-Bas, Suisse, Su\u00e8de, Espagne, Italie) ainsi que des \u00c9tats-Unis, avec le soutien d&rsquo;Europol et d&rsquo;Eurojust.<\/p>\n<p>Selon le parquet de Paris, cette action, outre la mise hors ligne du serveur central du groupe, a permis \u00ab\u00a0le d\u00e9mant\u00e8lement botnet [ndlr : un r\u00e9seau de programmes connect\u00e9s entre eux sous le contr\u00f4le d&rsquo;un attaquant] compos\u00e9 de plusieurs centaines de serveurs dans le monde, utilis\u00e9 pour des attaques cibl\u00e9es (&#8230;) contre des sites web\u00a0\u00bb. \u00ab\u00a0Des mandats d&rsquo;arr\u00eat ont \u00e9t\u00e9 d\u00e9cern\u00e9s notamment par les autorit\u00e9s allemandes et am\u00e9ricaines contre huit ressortissants russes qui sont d\u00e9sormais recherch\u00e9s \u00e0 l&rsquo;\u00e9chelle internationale\u00a0\u00bb, ajoute la justice fran\u00e7aise.<\/p>\n<p>Vingt-quatre perquisitions ont \u00e9galement \u00e9t\u00e9 r\u00e9alis\u00e9es chez des affili\u00e9s du groupe dont une en France. \u00ab\u00a0De nombreuses preuves ont \u00e9t\u00e9 saisies et sont actuellement en cours d&rsquo;analyse\u00a0\u00bb, poursuit le communiqu\u00e9 du parquet, expliquant \u00e9galement que \u00ab\u00a0plusieurs centaines de sympathisants du groupe\u00a0\u00bb, pas encore identifi\u00e9s formellement, \u00ab\u00a0ont \u00e9t\u00e9 inform\u00e9es des mesures officielles via Telegram, leur service de messagerie, et ont \u00e9t\u00e9 sensibilis\u00e9es \u00e0 la responsabilit\u00e9 p\u00e9nale encourue pour leurs actes\u00a0\u00bb.<\/p>\n<p>Dans un communiqu\u00e9 envoy\u00e9 \u00e0 franceinfo mercredi, Europol explique que cette action coordonn\u00e9e baptis\u00e9e \u00ab\u00a0Eastwood\u00a0\u00bb a eu lieu entre le 14 et le 15 juillet. \u00ab\u00a0Lors de la journ\u00e9e d&rsquo;action contre les affili\u00e9s de NoName, Europol a mis en place un centre de coordination \u00e0 son si\u00e8ge avec des repr\u00e9sentants de la France, de l&rsquo;Allemagne, de l&rsquo;Espagne, des Pays-Bas et d&rsquo;Eurojust, et a mis \u00e0 disposition un poste de commandement virtuel pour connecter les autres pays participants au centre de coordination\u00a0\u00bb, \u00e9crit l&rsquo;agence europ\u00e9enne.<\/p>\n<p>NoName est un collectif de hackers qui a d\u00e9clar\u00e9 soutenir la F\u00e9d\u00e9ration de Russie et qui, dans le contexte du conflit russo-ukrainien, m\u00e8ne des cyberattaques par d\u00e9ni de service distribu\u00e9 (DDoS). Les attaques DDoS consistent \u00e0 inonder un site web ou un service en ligne en lui adressant de multiples requ\u00eates afin de le surcharger et de le rendre indisponible. \u00ab\u00a0Au total, plus de 74\u00a0000 attaques ont \u00e9t\u00e9 commises contre plus de 4\u00a0900 victimes depuis 2023. La France a \u00e9t\u00e9 la cible de plus de 2\u00a0200 attaques, qui ont touch\u00e9 plus de <a href=\"https:\/\/www.franceinfo.fr\/internet\/securite-sur-internet\/cyberattaques\/cybersecurite-de-nouvelles-attaques-de-militants-pro-russes-contre-plusieurs-collectivites-mercredi_6988670.html\" rel=\"nofollow noopener\" target=\"_blank\">200 entreprises et institutions publiques<\/a>\u00ab\u00a0, estime le parquet de Paris.<\/p>\n","protected":false},"excerpt":{"rendered":"Le collectif, NoName, est responsable de plus de 2\u00a0200 cyberattaques en France depuis 2023, \u00ab\u00a0qui ont touch\u00e9 plus&hellip;\n","protected":false},"author":2,"featured_media":251548,"comment_status":"","ping_status":"","sticky":false,"template":"","format":"standard","meta":{"footnotes":""},"categories":[1591],"tags":[11,1887,12,1885,1886,132],"class_list":{"0":"post-251547","1":"post","2":"type-post","3":"status-publish","4":"format-standard","5":"has-post-thumbnail","7":"category-russie","8":"tag-actualites","9":"tag-federation-de-russie","10":"tag-news","11":"tag-russia","12":"tag-russian-federation","13":"tag-russie"},"share_on_mastodon":{"url":"https:\/\/pubeurope.com\/@fr\/114863470277831868","error":""},"_links":{"self":[{"href":"https:\/\/www.europesays.com\/fr\/wp-json\/wp\/v2\/posts\/251547","targetHints":{"allow":["GET"]}}],"collection":[{"href":"https:\/\/www.europesays.com\/fr\/wp-json\/wp\/v2\/posts"}],"about":[{"href":"https:\/\/www.europesays.com\/fr\/wp-json\/wp\/v2\/types\/post"}],"author":[{"embeddable":true,"href":"https:\/\/www.europesays.com\/fr\/wp-json\/wp\/v2\/users\/2"}],"replies":[{"embeddable":true,"href":"https:\/\/www.europesays.com\/fr\/wp-json\/wp\/v2\/comments?post=251547"}],"version-history":[{"count":0,"href":"https:\/\/www.europesays.com\/fr\/wp-json\/wp\/v2\/posts\/251547\/revisions"}],"wp:featuredmedia":[{"embeddable":true,"href":"https:\/\/www.europesays.com\/fr\/wp-json\/wp\/v2\/media\/251548"}],"wp:attachment":[{"href":"https:\/\/www.europesays.com\/fr\/wp-json\/wp\/v2\/media?parent=251547"}],"wp:term":[{"taxonomy":"category","embeddable":true,"href":"https:\/\/www.europesays.com\/fr\/wp-json\/wp\/v2\/categories?post=251547"},{"taxonomy":"post_tag","embeddable":true,"href":"https:\/\/www.europesays.com\/fr\/wp-json\/wp\/v2\/tags?post=251547"}],"curies":[{"name":"wp","href":"https:\/\/api.w.org\/{rel}","templated":true}]}}