{"id":251549,"date":"2025-07-16T14:53:01","date_gmt":"2025-07-16T14:53:01","guid":{"rendered":"https:\/\/www.europesays.com\/fr\/251549\/"},"modified":"2025-07-16T14:53:01","modified_gmt":"2025-07-16T14:53:01","slug":"la-russie-a-lance-de-nouvelles-attaques-sur-lukraine","status":"publish","type":"post","link":"https:\/\/www.europesays.com\/fr\/251549\/","title":{"rendered":"La Russie a lanc\u00e9 de nouvelles attaques sur l&rsquo;Ukraine"},"content":{"rendered":"<p>Des armes russes ont pilonn\u00e9 quatre villes ukrainiennes dans la nuit de mardi \u00e0 mercredi, blessant au moins 15 personnes, selon les autorit\u00e9s locales.<\/p>\n<p>Ces nouveaux bombardements, qui s&rsquo;inscrivent dans le cadre de l&rsquo;escalade de la campagne a\u00e9rienne russe contre des zones civiles, ont cibl\u00e9 majoritairement des infrastructures \u00e9nerg\u00e9tiques.<\/p>\n<p>La Russie a lanc\u00e9 400 drones Shahed et leurres, ainsi qu&rsquo;un missile balistique, pendant la nuit, a rapport\u00e9 l&rsquo;arm\u00e9e de l&rsquo;air ukrainienne.<\/p>\n<p>Les frappes ont vis\u00e9 le nord-est de Kharkiv, la deuxi\u00e8me plus grande ville d&rsquo;Ukraine, Kryvyi Rih, la ville natale du pr\u00e9sident Volodymyr Zelensky, dans le centre de l&rsquo;Ukraine, Vinnytsia, dans l&rsquo;ouest, et Odessa, dans le sud.<\/p>\n<p>\u00abLa Russie ne change pas de strat\u00e9gie, a soutenu M. Zelensky. Pour contrer efficacement cette terreur, nous avons besoin d&rsquo;un renforcement syst\u00e9mique de notre d\u00e9fense: plus de d\u00e9fense a\u00e9rienne, plus d&rsquo;intercepteurs et plus de d\u00e9termination afin que la Russie ressente notre r\u00e9ponse.\u00bb<\/p>\n<p>Le pr\u00e9sident am\u00e9ricain Donald Trump a donn\u00e9 au Kremlin jusqu&rsquo;au 2 septembre pour parvenir \u00e0 un accord de paix dans cette guerre qui dure depuis trois ans, sous la menace de sanctions s\u00e9v\u00e8res de Washington.<\/p>\n<p>Aucune date n&rsquo;a encore \u00e9t\u00e9 fix\u00e9e publiquement pour un \u00e9ventuel troisi\u00e8me cycle de pourparlers de paix directs entre les d\u00e9l\u00e9gations russe et ukrainienne. Les deux cycles pr\u00e9c\u00e9dents n&rsquo;ont abouti \u00e0 aucun progr\u00e8s, \u00e0 l&rsquo;exception d&rsquo;un \u00e9change de prisonniers.<\/p>\n<p>Lundi, M. Trump s&rsquo;est engag\u00e9 \u00e0 livrer davantage d&rsquo;armes \u00e0 l&rsquo;Ukraine, notamment des syst\u00e8mes de d\u00e9fense a\u00e9rienne Patriot, et a menac\u00e9 d&rsquo;imposer des sanctions suppl\u00e9mentaires \u00e0 la Russie.<\/p>\n<p>Il s&rsquo;agit de la position la plus ferme adopt\u00e9e par M. Trump \u00e0 l&rsquo;\u00e9gard du pr\u00e9sident russe Vladimir Poutine depuis son retour \u00e0 la Maison-Blanche, il y a pr\u00e8s de six mois.<\/p>\n<p>Cependant, certains l\u00e9gislateurs am\u00e9ricains et responsables gouvernementaux europ\u00e9ens ont exprim\u00e9 leurs craintes que le d\u00e9lai de 50 jours donne \u00e0 M. Poutine le temps de s&#8217;emparer de nouveaux territoires ukrainiens avant de conclure un accord.<\/p>\n<p>Les autres ultimatums lanc\u00e9s par les \u00c9tats-Unis \u00e0 M. Poutine ces derniers mois n&rsquo;ont pas r\u00e9ussi \u00e0 persuader le dirigeant russe de mettre fin \u00e0 son invasion de l&rsquo;Ukraine.<\/p>\n<p>Des dizaines de milliers de soldats ont \u00e9t\u00e9 tu\u00e9s durant la guerre, dont beaucoup le long de la ligne de front de plus de 1000 kilom\u00e8tres. Les bombardements russes sur les villes ont tu\u00e9 plus de 12 000 civils ukrainiens, selon les Nations unies.<\/p>\n<p>Illia Novikov, The Associated Press<\/p>\n","protected":false},"excerpt":{"rendered":"Des armes russes ont pilonn\u00e9 quatre villes ukrainiennes dans la nuit de mardi \u00e0 mercredi, blessant au moins&hellip;\n","protected":false},"author":2,"featured_media":251550,"comment_status":"","ping_status":"","sticky":false,"template":"","format":"standard","meta":{"footnotes":""},"categories":[1590],"tags":[11,15470,20825,1777,674,2489,12,220,134],"class_list":{"0":"post-251549","1":"post","2":"type-post","3":"status-publish","4":"format-standard","5":"has-post-thumbnail","7":"category-ukraine","8":"tag-actualites","9":"tag-defense-aerienne","10":"tag-echange-de-prisonniers","11":"tag-eu","12":"tag-europe","13":"tag-la-russie","14":"tag-news","15":"tag-ukraine","16":"tag-volodymyr-zelensky"},"share_on_mastodon":{"url":"https:\/\/pubeurope.com\/@fr\/114863486317034772","error":""},"_links":{"self":[{"href":"https:\/\/www.europesays.com\/fr\/wp-json\/wp\/v2\/posts\/251549","targetHints":{"allow":["GET"]}}],"collection":[{"href":"https:\/\/www.europesays.com\/fr\/wp-json\/wp\/v2\/posts"}],"about":[{"href":"https:\/\/www.europesays.com\/fr\/wp-json\/wp\/v2\/types\/post"}],"author":[{"embeddable":true,"href":"https:\/\/www.europesays.com\/fr\/wp-json\/wp\/v2\/users\/2"}],"replies":[{"embeddable":true,"href":"https:\/\/www.europesays.com\/fr\/wp-json\/wp\/v2\/comments?post=251549"}],"version-history":[{"count":0,"href":"https:\/\/www.europesays.com\/fr\/wp-json\/wp\/v2\/posts\/251549\/revisions"}],"wp:featuredmedia":[{"embeddable":true,"href":"https:\/\/www.europesays.com\/fr\/wp-json\/wp\/v2\/media\/251550"}],"wp:attachment":[{"href":"https:\/\/www.europesays.com\/fr\/wp-json\/wp\/v2\/media?parent=251549"}],"wp:term":[{"taxonomy":"category","embeddable":true,"href":"https:\/\/www.europesays.com\/fr\/wp-json\/wp\/v2\/categories?post=251549"},{"taxonomy":"post_tag","embeddable":true,"href":"https:\/\/www.europesays.com\/fr\/wp-json\/wp\/v2\/tags?post=251549"}],"curies":[{"name":"wp","href":"https:\/\/api.w.org\/{rel}","templated":true}]}}