{"id":251552,"date":"2025-07-16T14:55:49","date_gmt":"2025-07-16T14:55:49","guid":{"rendered":"https:\/\/www.europesays.com\/fr\/251552\/"},"modified":"2025-07-16T14:55:49","modified_gmt":"2025-07-16T14:55:49","slug":"linflation-au-royaume-uni-atteint-son-plus-haut-niveau-en-18-mois","status":"publish","type":"post","link":"https:\/\/www.europesays.com\/fr\/251552\/","title":{"rendered":"L&rsquo;inflation au Royaume-Uni atteint son plus haut niveau en 18 mois"},"content":{"rendered":"<p>Principaux renseingnements<\/p>\n<ul class=\"wp-block-list\">\n<li><strong>L\u2019inflation au Royaume-Uni a atteint 3,6 pour cent en juin, d\u00e9passant les pr\u00e9visions.<\/strong><\/li>\n<li><strong>Les prix des denr\u00e9es alimentaires ont augment\u00e9 de mani\u00e8re significative en raison de la s\u00e9cheresse et de l\u2019augmentation des co\u00fbts de production.<\/strong><\/li>\n<li><strong>L\u2019IPC de base a \u00e9galement augment\u00e9, indiquant des pressions inflationnistes persistantes.<\/strong><\/li>\n<\/ul>\n<p>En juin, l\u2019inflation au <a href=\"https:\/\/fr.businessam.be\/baisse-taux-dinteret-royaume-uni-rapproche\/\" target=\"_blank\" rel=\"noreferrer noopener\">Royaume-Uni<\/a> a grimp\u00e9 de fa\u00e7on inattendue \u00e0 3,6 pour cent, son plus haut niveau en 18 mois, d\u00e9passant les pr\u00e9visions des \u00e9conomistes qui tablaient sur un maintien \u00e0 3,4 pour cent, comme en mai.<\/p>\n<p><a href=\"https:\/\/www.ons.gov.uk\/economy\/inflationandpriceindices#timeseries\" target=\"_blank\" rel=\"noreferrer noopener\">L\u2019Office des statistiques nationales (ONS)<\/a> a attribu\u00e9 cette hausse \u00e0 plusieurs facteurs : une stabilisation de la baisse des prix des carburants, une augmentation des tarifs a\u00e9riens et une hausse des prix dans les supermarch\u00e9s.<\/p>\n<p>Impact sur le budget des m\u00e9nages<\/p>\n<p>Les co\u00fbts de l\u2019alimentation et des boissons ont connu une hausse notable, augmentant de 4,5 pour cent d\u2019une ann\u00e9e sur l\u2019autre. Il s\u2019agit du troisi\u00e8me mois cons\u00e9cutif d\u2019acc\u00e9l\u00e9ration de la croissance des prix des denr\u00e9es alimentaires, ce qui indique une pression continue sur les budgets des m\u00e9nages. Le British Food Consortium a r\u00e9cemment averti que les conditions de s\u00e9cheresse ont eu un impact n\u00e9gatif sur les r\u00e9coltes de fruits et l\u00e9gumes, ce qui a entra\u00een\u00e9 une hausse des prix.<\/p>\n<p>En outre, la r\u00e9duction de la production d\u2019herbe due \u00e0 la s\u00e9cheresse a entra\u00een\u00e9 une hausse des prix de la viande et des produits laitiers. Les prix de la viande bovine ont augment\u00e9 de 20,4 pour cent par rapport \u00e0 l\u2019ann\u00e9e pr\u00e9c\u00e9dente, et ceux de l\u2019agneau de 16,2 pour cent. Le beurre a connu une augmentation de 20 pour cent et le chocolat est devenu 16,3 pour cent plus cher \u00e0 la suite d\u2019une mauvaise r\u00e9colte de cacao.<\/p>\n<p>Facteurs contribuant \u00e0 l\u2019augmentation des prix<\/p>\n<p>L\u2019augmentation des cotisations patronales \u00e0 l\u2019assurance nationale mise en \u0153uvre en avril contribuerait \u00e9galement \u00e0 la pression \u00e0 la hausse sur les prix des magasins. L\u2019ONS a \u00e9galement not\u00e9 un bond plus important que d\u2019habitude des tarifs a\u00e9riens entre mai et juin, avec une augmentation de 7,9 pour cent contre une hausse de 3,2 pour cent au cours de la m\u00eame p\u00e9riode l\u2019ann\u00e9e derni\u00e8re.<\/p>\n<p>Bien que l\u2019inflation reste sup\u00e9rieure \u00e0 l\u2019objectif de 2 pour cent de la Banque d\u2019Angleterre, la plupart des analystes pr\u00e9voient toujours que la banque centrale r\u00e9duira \u00e0 nouveau ses taux d\u2019int\u00e9r\u00eat le mois prochain, potentiellement jusqu\u2019\u00e0 4 pour cent. Toutefois, des inqui\u00e9tudes se font jour concernant l\u2019IPC de base, qui exclut les produits volatils tels que l\u2019\u00e9nergie, les denr\u00e9es alimentaires, l\u2019alcool et le tabac. L\u2019IPC de base a augment\u00e9 de 3,7 pour cent au cours de l\u2019ann\u00e9e pr\u00e9c\u00e9dant le mois de juin, contre 3,5 pour cent en mai.<\/p>\n<p>R\u00e9ponse du gouvernement<\/p>\n<p>Rachel Reeves, ministre des Finances, a reconnu les d\u00e9fis persistants auxquels sont confront\u00e9s les travailleurs en raison du co\u00fbt de la vie. Elle a soulign\u00e9 les initiatives du gouvernement pour all\u00e9ger cette pression, notamment l\u2019augmentation du salaire minimum national et la prolongation du plafond de 3 livres sterling sur les tarifs des bus.<\/p>\n<p>Reeves a insist\u00e9 sur son engagement \u00e0 mettre en \u0153uvre le \u00ab\u00a0Plan pour le changement\u00a0\u00bb du gouvernement afin de mettre plus d\u2019argent dans les poches des gens.<\/p>\n","protected":false},"excerpt":{"rendered":"Principaux renseingnements L\u2019inflation au Royaume-Uni a atteint 3,6 pour cent en juin, d\u00e9passant les pr\u00e9visions. Les prix des&hellip;\n","protected":false},"author":2,"featured_media":169214,"comment_status":"","ping_status":"","sticky":false,"template":"","format":"standard","meta":{"footnotes":""},"categories":[1588],"tags":[11,1777,674,13080,12,473,1853,1851,1850,1852],"class_list":{"0":"post-251552","1":"post","2":"type-post","3":"status-publish","4":"format-standard","5":"has-post-thumbnail","7":"category-royaume-uni","8":"tag-actualites","9":"tag-eu","10":"tag-europe","11":"tag-linflation","12":"tag-news","13":"tag-royaume-uni","14":"tag-royaume-uni-de-grande-bretagne-et-dirlande-du-nord","15":"tag-uk","16":"tag-united-kingdom","17":"tag-united-kingdom-of-great-britain-and-northern-ireland"},"share_on_mastodon":{"url":"https:\/\/pubeurope.com\/@fr\/114863498072883054","error":""},"_links":{"self":[{"href":"https:\/\/www.europesays.com\/fr\/wp-json\/wp\/v2\/posts\/251552","targetHints":{"allow":["GET"]}}],"collection":[{"href":"https:\/\/www.europesays.com\/fr\/wp-json\/wp\/v2\/posts"}],"about":[{"href":"https:\/\/www.europesays.com\/fr\/wp-json\/wp\/v2\/types\/post"}],"author":[{"embeddable":true,"href":"https:\/\/www.europesays.com\/fr\/wp-json\/wp\/v2\/users\/2"}],"replies":[{"embeddable":true,"href":"https:\/\/www.europesays.com\/fr\/wp-json\/wp\/v2\/comments?post=251552"}],"version-history":[{"count":0,"href":"https:\/\/www.europesays.com\/fr\/wp-json\/wp\/v2\/posts\/251552\/revisions"}],"wp:featuredmedia":[{"embeddable":true,"href":"https:\/\/www.europesays.com\/fr\/wp-json\/wp\/v2\/media\/169214"}],"wp:attachment":[{"href":"https:\/\/www.europesays.com\/fr\/wp-json\/wp\/v2\/media?parent=251552"}],"wp:term":[{"taxonomy":"category","embeddable":true,"href":"https:\/\/www.europesays.com\/fr\/wp-json\/wp\/v2\/categories?post=251552"},{"taxonomy":"post_tag","embeddable":true,"href":"https:\/\/www.europesays.com\/fr\/wp-json\/wp\/v2\/tags?post=251552"}],"curies":[{"name":"wp","href":"https:\/\/api.w.org\/{rel}","templated":true}]}}