{"id":251553,"date":"2025-07-16T14:56:48","date_gmt":"2025-07-16T14:56:48","guid":{"rendered":"https:\/\/www.europesays.com\/fr\/251553\/"},"modified":"2025-07-16T14:56:48","modified_gmt":"2025-07-16T14:56:48","slug":"la-bataille-des-vacances-dete-a-commence-en-allemagne","status":"publish","type":"post","link":"https:\/\/www.europesays.com\/fr\/251553\/","title":{"rendered":"la bataille des vacances d\u2019\u00e9t\u00e9 a commenc\u00e9 en Allemagne"},"content":{"rendered":"\n<p>En Allemagne, les d\u00e9bats sur les dates de vacances scolaires estivales reviennent presque chaque ann\u00e9e. Et en 2025, ils ont \u00e9t\u00e9 une fois encore \u201caussi ponctuels que les embouteillages\u201d, <a class=\"ithalc\" data-ithal=\"lien_externe\" data-ithalc=\"[nav_article]\" target=\"_blank\" href=\"https:\/\/taz.de\/Schulferien-in-Bayern\/!6098037\/\" rel=\"noopener\">assure <strong>Die Tageszeitung<\/strong><\/a><strong>. <\/strong>Bien qu\u2019ils soient du m\u00eame bord politique, la ministre conservatrice de l\u2019\u00c9ducation de Rh\u00e9nanie-du-Nord-Westphalie, Dorothee Feller, et le ministre-pr\u00e9sident de Bavi\u00e8re, Markus S\u00f6der, se sont r\u00e9cemment \u00e9charp\u00e9s \u00e0 ce sujet. <a class=\"ithalc\" data-ithal=\"lien_externe\" data-ithalc=\"[nav_article]\" target=\"_blank\" href=\"https:\/\/www.bild.de\/politik\/inland\/bayern-keilt-gegen-nrw-laender-zoff-um-die-sommerferien-entbrannt-687507381f01543ad4cc4008\" rel=\"noopener\">Et, d\u2019apr\u00e8s le tablo\u00efd<strong> Bild<\/strong><\/a><strong>, <\/strong>\u201cd\u2019autres L\u00e4nder se mettent \u00e0 se rebeller contre l\u2019exception que Markus S\u00f6der revendique pour la Bavi\u00e8re\u201d.<\/p>\n<p>Depuis 1964, quatorze des seize L\u00e4nder allemands changent chaque ann\u00e9e leurs dates de vacances d\u2019\u00e9t\u00e9, afin d\u2019\u00e9viter les encombrements sur les routes et dans les a\u00e9roports du pays. Ils ren\u00e9gocient le calendrier tous les cinq ans. Seuls la Bavi\u00e8re et le Bade-Wurtemberg, deux r\u00e9gions agricoles, b\u00e9n\u00e9ficient de dates de vacances fixes, notamment pour que les jeunes puissent participer aux moissons. Mais ces exceptions irritent le reste du pays, qui les juge archa\u00efques. De moins en moins de jeunes participent aux activit\u00e9s agricoles, arguent-ils avec force. Avec son habituel ton provocateur, Bild parle m\u00eame de \u201csoul\u00e8vement des L\u00e4nder contre S\u00f6der\u201d.<\/p>\n<p> Des vacances \u201cancr\u00e9es dans l\u2019ADN\u201d bavarois <\/p>\n<p>\u201cLes d\u00e9tracteurs de l\u2019exception [do<\/p>\n","protected":false},"excerpt":{"rendered":"En Allemagne, les d\u00e9bats sur les dates de vacances scolaires estivales reviennent presque chaque ann\u00e9e. Et en 2025,&hellip;\n","protected":false},"author":2,"featured_media":251554,"comment_status":"","ping_status":"","sticky":false,"template":"","format":"standard","meta":{"footnotes":""},"categories":[1587],"tags":[11,672,1804,1805,1803,1777,674,1801,12,1802,1857,2528],"class_list":{"0":"post-251553","1":"post","2":"type-post","3":"status-publish","4":"format-standard","5":"has-post-thumbnail","7":"category-allemagne","8":"tag-actualites","9":"tag-allemagne","10":"tag-bundesrepublik-deutschland","11":"tag-de","12":"tag-deutschland","13":"tag-eu","14":"tag-europe","15":"tag-germany","16":"tag-news","17":"tag-republique-federale-dallemagne","18":"tag-sociu00e9tu00e9","19":"tag-vacances"},"share_on_mastodon":{"url":"https:\/\/pubeurope.com\/@fr\/114863502021607530","error":""},"_links":{"self":[{"href":"https:\/\/www.europesays.com\/fr\/wp-json\/wp\/v2\/posts\/251553","targetHints":{"allow":["GET"]}}],"collection":[{"href":"https:\/\/www.europesays.com\/fr\/wp-json\/wp\/v2\/posts"}],"about":[{"href":"https:\/\/www.europesays.com\/fr\/wp-json\/wp\/v2\/types\/post"}],"author":[{"embeddable":true,"href":"https:\/\/www.europesays.com\/fr\/wp-json\/wp\/v2\/users\/2"}],"replies":[{"embeddable":true,"href":"https:\/\/www.europesays.com\/fr\/wp-json\/wp\/v2\/comments?post=251553"}],"version-history":[{"count":0,"href":"https:\/\/www.europesays.com\/fr\/wp-json\/wp\/v2\/posts\/251553\/revisions"}],"wp:featuredmedia":[{"embeddable":true,"href":"https:\/\/www.europesays.com\/fr\/wp-json\/wp\/v2\/media\/251554"}],"wp:attachment":[{"href":"https:\/\/www.europesays.com\/fr\/wp-json\/wp\/v2\/media?parent=251553"}],"wp:term":[{"taxonomy":"category","embeddable":true,"href":"https:\/\/www.europesays.com\/fr\/wp-json\/wp\/v2\/categories?post=251553"},{"taxonomy":"post_tag","embeddable":true,"href":"https:\/\/www.europesays.com\/fr\/wp-json\/wp\/v2\/tags?post=251553"}],"curies":[{"name":"wp","href":"https:\/\/api.w.org\/{rel}","templated":true}]}}