{"id":251555,"date":"2025-07-16T14:57:21","date_gmt":"2025-07-16T14:57:21","guid":{"rendered":"https:\/\/www.europesays.com\/fr\/251555\/"},"modified":"2025-07-16T14:57:21","modified_gmt":"2025-07-16T14:57:21","slug":"gregory-allione-renaissance-lue-doit-calquer-la-protection-civile-europeenne-sur-le-modele-de-lotan","status":"publish","type":"post","link":"https:\/\/www.europesays.com\/fr\/251555\/","title":{"rendered":"Gr\u00e9gory Allione (Renaissance) : \u00ab\u00a0l&rsquo;UE doit calquer la protection civile europ\u00e9enne sur le mod\u00e8le de l&rsquo;Otan\u00a0\u00bb"},"content":{"rendered":"<p>\tGr\u00e9gory Allione (Renaissance) : \u00ab\u00a0l&rsquo;UE doit calquer la protection civile europ\u00e9enne sur le mod\u00e8le de l&rsquo;Otan\u00a0\u00bb &#8211; Touteleurope.eu<\/p>\n<p>\t\t<img decoding=\"async\" alt=\"fermer\" class=\"close-info\" src=\"https:\/\/www.touteleurope.eu\/wp-content\/themes\/toute_leurope\/assets\/images\/close-picto-blue.svg\"\/><\/p>\n<p>Touteleurope.eu est le site p\u00e9dagogique de r\u00e9f\u00e9rence sur les questions europ\u00e9ennes : <a href=\"https:\/\/www.touteleurope.eu\/qui-sommes-nous\/\" target=\"_blank\" rel=\"noopener\">Qui sommes-nous ?<\/a><\/p>\n<p><img decoding=\"async\" class=\"logo-pdf\" alt=\"Toute L'Europe \u2013 Comprendre l'Europe\" src=\"data:image\/svg+xml,%3Csvg%20xmlns=\" http:=\"\" data-lazy-src=\"https:\/\/www.touteleurope.eu\/wp-content\/themes\/toute_leurope\/assets\/images\/logo-ttl.svg\"\/><\/p>\n","protected":false},"excerpt":{"rendered":"Gr\u00e9gory Allione (Renaissance) : \u00ab\u00a0l&rsquo;UE doit calquer la protection civile europ\u00e9enne sur le mod\u00e8le de l&rsquo;Otan\u00a0\u00bb &#8211; Touteleurope.eu&hellip;\n","protected":false},"author":2,"featured_media":251556,"comment_status":"","ping_status":"","sticky":false,"template":"","format":"standard","meta":{"footnotes":""},"categories":[1586],"tags":[11,4734,1129,436,1777,674,1011,27,12,8552,39180,25,26185],"class_list":{"0":"post-251555","1":"post","2":"type-post","3":"status-publish","4":"format-standard","5":"has-post-thumbnail","7":"category-europe","8":"tag-actualites","9":"tag-changement-climatique","10":"tag-climat","11":"tag-environnement","12":"tag-eu","13":"tag-europe","14":"tag-fr","15":"tag-france","16":"tag-news","17":"tag-parlement-europeen","18":"tag-renew-europe","19":"tag-republique-francaise","20":"tag-solidarite-europeenne"},"share_on_mastodon":{"url":"https:\/\/pubeurope.com\/@fr\/114863502141869613","error":""},"_links":{"self":[{"href":"https:\/\/www.europesays.com\/fr\/wp-json\/wp\/v2\/posts\/251555","targetHints":{"allow":["GET"]}}],"collection":[{"href":"https:\/\/www.europesays.com\/fr\/wp-json\/wp\/v2\/posts"}],"about":[{"href":"https:\/\/www.europesays.com\/fr\/wp-json\/wp\/v2\/types\/post"}],"author":[{"embeddable":true,"href":"https:\/\/www.europesays.com\/fr\/wp-json\/wp\/v2\/users\/2"}],"replies":[{"embeddable":true,"href":"https:\/\/www.europesays.com\/fr\/wp-json\/wp\/v2\/comments?post=251555"}],"version-history":[{"count":0,"href":"https:\/\/www.europesays.com\/fr\/wp-json\/wp\/v2\/posts\/251555\/revisions"}],"wp:featuredmedia":[{"embeddable":true,"href":"https:\/\/www.europesays.com\/fr\/wp-json\/wp\/v2\/media\/251556"}],"wp:attachment":[{"href":"https:\/\/www.europesays.com\/fr\/wp-json\/wp\/v2\/media?parent=251555"}],"wp:term":[{"taxonomy":"category","embeddable":true,"href":"https:\/\/www.europesays.com\/fr\/wp-json\/wp\/v2\/categories?post=251555"},{"taxonomy":"post_tag","embeddable":true,"href":"https:\/\/www.europesays.com\/fr\/wp-json\/wp\/v2\/tags?post=251555"}],"curies":[{"name":"wp","href":"https:\/\/api.w.org\/{rel}","templated":true}]}}