{"id":251557,"date":"2025-07-16T14:58:16","date_gmt":"2025-07-16T14:58:16","guid":{"rendered":"https:\/\/www.europesays.com\/fr\/251557\/"},"modified":"2025-07-16T14:58:16","modified_gmt":"2025-07-16T14:58:16","slug":"lunion-europeenne-annonce-un-budget-en-forte-hausse-de-2000-milliards-deuros-sur-sept-ans","status":"publish","type":"post","link":"https:\/\/www.europesays.com\/fr\/251557\/","title":{"rendered":"L\u2019Union europ\u00e9enne annonce un budget en forte hausse, de 2000 milliards d\u2019euros sur sept ans"},"content":{"rendered":"<p>Bruxelles a pr\u00e9sent\u00e9 mercredi un budget record pour la p\u00e9riode 2028-2034. Dans le m\u00eame temps, la France verra sa contribution au budget europ\u00e9en baisser en 2026, passant de 7,3 \u00e0 5,7 milliards d\u2019euros.<\/p>\n<p class=\"fig-paragraph\">L&rsquo;<a href=\"http:\/\/www.lefigaro.fr\/flash-eco\/budget-2025-le-senat-approuve-massivement-la-contribution-francaise-a-l-union-europeenne-20241125\" data-fig-type=\"NewsFlash\" data-gtm-custom-categorie=\"navigation\" data-gtm-custom-action=\"crossclick\" data-gtm-custom-label=\"Contextuel\" data-gtm-event=\"customEventSPE\" data-fig-domain=\"LEFIGARO\" rel=\"nofollow noopener\" target=\"_blank\">Union europ\u00e9enne<\/a>\u00a0a d\u00e9voil\u00e9 mercredi sa proposition de budget de 2028 \u00e0 2034, de 2000 milliards d&rsquo;euros, en nette hausse par rapport \u00e0 la p\u00e9riode pr\u00e9c\u00e9dente, a indiqu\u00e9 le commissaire europ\u00e9en au Budget Piotr Serafin. C&rsquo;est un \u00abbudget ambitieux\u00bb, a-t-il soulign\u00e9 devant les eurod\u00e9put\u00e9s \u00e0 Bruxelles, quand Ursula Von der Leyen a salu\u00e9 \u00able budget le plus ambitieux jamais propos\u00e9\u00bb.<\/p>\n<p class=\"fig-paragraph\">Le pr\u00e9c\u00e9dent budget, de 2021 \u00e0 2027, repr\u00e9sentait 1200 milliards d&rsquo;euros mais avait \u00e9t\u00e9 compl\u00e9t\u00e9 par un plan de relance de 800 milliards pendant la crise Covid. Cette fois-ci, le texte va notamment comprendre \u00ab300 milliards d\u2019euros\u00bb pour \u00ables revenus des agriculteurs\u00bb de 2028 \u00e0 2034.<\/p>\n<p>                                    <a class=\"fig-a11y-skip a11y-hidden\" href=\"#fig-a11y-skip-main-inarticle\"><br \/>\n        Passer la publicit\u00e9<br \/>\n    <\/a><\/p>\n<p class=\"fig-paragraph\">De son c\u00f4t\u00e9, la France va verser une contribution moins \u00e9lev\u00e9e que pr\u00e9vu \u00e0 l\u2019Union europ\u00e9enne l\u2019an prochain, a affirm\u00e9 l\u2019entourage de la ministre des Comptes publics Am\u00e9lie de Montchalin, confirmant une information publi\u00e9e plus t\u00f4t par le journal L\u2019Opinion. Paris va ainsi contribuer au budget europ\u00e9en \u00e0 hauteur de 5,7 milliards d\u2019euros, au lieu de 7,3 milliards d\u2019euros pr\u00e9vus, a indiqu\u00e9 mercredi l\u2019entourage de la ministre, au lendemain de l\u2019annonce par le Premier ministre Fran\u00e7ois Bayrou d\u2019un plan d\u2019\u00e9conomies de 43,8 milliards d\u2019euros visant \u00e0 r\u00e9duire le d\u00e9ficit public.<\/p>\n","protected":false},"excerpt":{"rendered":"Bruxelles a pr\u00e9sent\u00e9 mercredi un budget record pour la p\u00e9riode 2028-2034. Dans le m\u00eame temps, la France verra&hellip;\n","protected":false},"author":2,"featured_media":251558,"comment_status":"","ping_status":"","sticky":false,"template":"","format":"standard","meta":{"footnotes":""},"categories":[1586],"tags":[11,1003,1777,674,1779,1011,27,12,25,1778,364],"class_list":{"0":"post-251557","1":"post","2":"type-post","3":"status-publish","4":"format-standard","5":"has-post-thumbnail","7":"category-europe","8":"tag-actualites","9":"tag-budget","10":"tag-eu","11":"tag-europe","12":"tag-european-union","13":"tag-fr","14":"tag-france","15":"tag-news","16":"tag-republique-francaise","17":"tag-ue","18":"tag-union-europeenne"},"share_on_mastodon":{"url":"https:\/\/pubeurope.com\/@fr\/114863508993172345","error":""},"_links":{"self":[{"href":"https:\/\/www.europesays.com\/fr\/wp-json\/wp\/v2\/posts\/251557","targetHints":{"allow":["GET"]}}],"collection":[{"href":"https:\/\/www.europesays.com\/fr\/wp-json\/wp\/v2\/posts"}],"about":[{"href":"https:\/\/www.europesays.com\/fr\/wp-json\/wp\/v2\/types\/post"}],"author":[{"embeddable":true,"href":"https:\/\/www.europesays.com\/fr\/wp-json\/wp\/v2\/users\/2"}],"replies":[{"embeddable":true,"href":"https:\/\/www.europesays.com\/fr\/wp-json\/wp\/v2\/comments?post=251557"}],"version-history":[{"count":0,"href":"https:\/\/www.europesays.com\/fr\/wp-json\/wp\/v2\/posts\/251557\/revisions"}],"wp:featuredmedia":[{"embeddable":true,"href":"https:\/\/www.europesays.com\/fr\/wp-json\/wp\/v2\/media\/251558"}],"wp:attachment":[{"href":"https:\/\/www.europesays.com\/fr\/wp-json\/wp\/v2\/media?parent=251557"}],"wp:term":[{"taxonomy":"category","embeddable":true,"href":"https:\/\/www.europesays.com\/fr\/wp-json\/wp\/v2\/categories?post=251557"},{"taxonomy":"post_tag","embeddable":true,"href":"https:\/\/www.europesays.com\/fr\/wp-json\/wp\/v2\/tags?post=251557"}],"curies":[{"name":"wp","href":"https:\/\/api.w.org\/{rel}","templated":true}]}}