{"id":251563,"date":"2025-07-16T15:01:16","date_gmt":"2025-07-16T15:01:16","guid":{"rendered":"https:\/\/www.europesays.com\/fr\/251563\/"},"modified":"2025-07-16T15:01:16","modified_gmt":"2025-07-16T15:01:16","slug":"lyon-est-une-zone-vraiment-a-risque","status":"publish","type":"post","link":"https:\/\/www.europesays.com\/fr\/251563\/","title":{"rendered":"Lyon est \u00ab\u00a0une zone vraiment \u00e0 risque\u00a0\u00bb"},"content":{"rendered":"<p>            Par<br \/>\n        <strong><br \/>\n            <a href=\"https:\/\/actu.fr\/auteur\/julien-sournies\" title=\"Consulter tous les articles de Julien Sournies\" rel=\"nofollow noopener\" target=\"_blank\">Julien Sournies<\/a><br \/>\n        <\/strong><\/p>\n<p>        Publi\u00e9 le<\/p>\n<p>            16 juil. 2025 \u00e0 16h53        <\/p>\n<p>Ils vont faire leur grand retour\u2009: selon les derni\u00e8res pr\u00e9visions de M\u00e9t\u00e9o-France, une <a href=\"https:\/\/actu.fr\/meteo\/ca-s-annonce-violent-une-grosse-salve-d-orages-va-frapper-la-france-des-la-fin-de-semaine_62912475.html\" rel=\"nofollow noopener\" target=\"_blank\">nouvelle salve d\u2019orages<\/a> va en effet frapper la r\u00e9gion lyonnaise \u00e0 compter de ce week-end. Sollicit\u00e9 par <a href=\"https:\/\/actu.fr\/lyon\/\" rel=\"nofollow noopener\" target=\"_blank\">actu Lyon<\/a>, le sp\u00e9cialiste m\u00e9t\u00e9o Guillaume S\u00e9chet, fondateur du site <a href=\"https:\/\/www.meteo-lyon.net\/\" rel=\"nofollow noopener\" target=\"_blank\">M\u00e9t\u00e9o-Lyon<\/a>, confirme \u00ab\u2009une vague orageuse potentiellement violente\u2009\u00bb \u00e0 <strong>Lyon<\/strong>, et m\u00eame plus globalement dans le d\u00e9partement du <a href=\"https:\/\/actu.fr\/auvergne-rhone-alpes\/rhone_69\" rel=\"nofollow noopener\" target=\"_blank\">Rh\u00f4ne<\/a>.<\/p>\n<p>\u00ab\u2009Il y a un vrai risque d\u2019orages forts\u2009\u00bb<\/p>\n<p class=\" wall-content\">Alors qu\u2019un nouveau<strong> pic de chaleur<\/strong> arrive dans le d\u00e9partement rhodanien au cours de la journ\u00e9e de vendredi 18 juillet, o\u00f9 <strong>34\u00b0C<\/strong> sont notamment attendus du c\u00f4t\u00e9 de Lyon et Villefranche-sur-Sa\u00f4ne, une premi\u00e8re vague orageuse va toucher le Lyonnais d\u00e8s samedi 19 juillet.<\/p>\n<blockquote class=\"ac-article-quote wall-content\">\n<p>Les premiers orages devraient faire leur apparition d\u00e8s le matin. Et ils sont partis pour se poursuivre jusqu&rsquo;en fin de journ\u00e9e, o\u00f9 l\u00e0, il y a un vrai risque d&rsquo;orage fort puisqu&rsquo;on sera \u00e0 la limite avec les airs chauds.<\/p>\n<p>    <strong>Guillaume S\u00e9chet<\/strong><br \/>\n        Sp\u00e9cialiste m\u00e9t\u00e9o et fondateur du site M\u00e9t\u00e9o-Lyon    <\/p><\/blockquote>\n<p class=\" wall-content\">Si quelque 10 mm de pluie devrait accompagner les grondements, les orages vont \u00e9galement entra\u00eener une<strong> chute du mercure<\/strong> par rapport \u00e0 la veille\u2009: comptez 28\u00b0C au maximum dans les secteurs de Lyon, Neuville-sur-Sa\u00f4ne, L\u2019Arbresle ou encore Villefranche-sur-Sa\u00f4ne, selon M\u00e9t\u00e9o-France.<\/p>\n<p class=\" wall-content\">D\u2019apr\u00e8s le m\u00e9t\u00e9orologiste, la vague orageuse va progressivement se d\u00e9caler vers l\u2019Est au cours de la soir\u00e9e. De ce fait, la nuit \u00ab\u2009sera <strong>calme<\/strong> entre samedi\u00a019 et dimanche 20\u00a0juillet\u2009\u00bb, souligne Guillaume S\u00e9chet.<\/p>\n<p>Vid\u00e9os : en ce moment sur Actu\u00ab\u2009Le risque de gr\u00eale existe\u2009\u00bb<\/p>\n<p class=\" wall-content\">Seulement, l\u2019\u00e9pisode orageux va repartir de plus belle en fin de journ\u00e9e ce dimanche, et ce, toute la nuit durant. \u00ab\u2009Il y aura \u00e0 nouveau de l\u2019air tr\u00e8s chaud, ce qui risque de provoquer des <strong>orages forts<\/strong>, et potentiellement plus intenses que ceux de la veille\u2009\u00bb, poursuit l\u2019expert m\u00e9t\u00e9o.<\/p>\n<p class=\" wall-content\">Si la ville de Lyon a jusqu\u2019alors \u00e9t\u00e9 \u00e9pargn\u00e9e par les <strong>chutes de gr\u00eale<\/strong> depuis le d\u00e9but de l\u2019\u00e9t\u00e9, le sc\u00e9nario pourrait bien \u00eatre diff\u00e9rent ce week-end. \u00ab\u2009Comme il va y avoir une grande alimentation en air chaud, le risque de gr\u00eale existe\u2009\u00bb, ajoute Guillaume S\u00e9chet.<\/p>\n<blockquote class=\"ac-article-quote wall-content\">\n<p>Vu que Lyon se situe relativement proche des reliefs et qu&rsquo;elle se trouve souvent \u00e0 la limite des airs tr\u00e8s chauds du Sahara, c&rsquo;est une zone vraiment \u00e0 risque, comme peut l&rsquo;\u00eatre Saint-Etienne par ailleurs.<\/p>\n<p>    <strong>Guillaume S\u00e9chet<\/strong><br \/>\n        Sp\u00e9cialiste m\u00e9t\u00e9o et fondateur de M\u00e9t\u00e9o-Lyon    <\/p><\/blockquote>\n<p class=\" wall-content\">Selon les pr\u00e9visions m\u00e9t\u00e9o, les cumulonimbus vont d\u00e9finitivement s\u2019\u00e9loigner du ciel lyonnais au cours de la matin\u00e9e de lundi, avant de laisser la place \u00e0 un \u00e9pisode pluvieux, lequel pourrait durer une bonne partie de la semaine. Les temp\u00e9ratures, quant \u00e0 elles, se \u00ab\u2009situeront l\u00e9g\u00e8rement en dessous des normales de saison, soit entre 25 et 27\u00b0C\u2009\u00bb, conclut le m\u00e9t\u00e9orologiste.<\/p>\n<p class=\" wall-content\">Suivez toute l\u2019actualit\u00e9 de vos villes et m\u00e9dias favoris en vous inscrivant \u00e0 <a href=\"https:\/\/moncompte.actu.fr\" title=\"D\u00e9couvez Mon Actu\" rel=\"nofollow noopener\" data-trk=\"{&quot;cta&quot;:{&quot;action&quot;:&quot;https:\\\/\\\/moncompte.actu.fr&quot;,&quot;category&quot;:&quot;mon compte&quot;,&quot;from&quot;:&quot;article footer&quot;,&quot;name&quot;:&quot;Mon actu&quot;,&quot;type&quot;:&quot;cta&quot;}}\" target=\"_blank\">Mon Actu<\/a>.<\/p>\n","protected":false},"excerpt":{"rendered":"Par Julien Sournies Publi\u00e9 le 16 juil. 2025 \u00e0 16h53 Ils vont faire leur grand retour\u2009: selon les&hellip;\n","protected":false},"author":2,"featured_media":251564,"comment_status":"","ping_status":"","sticky":false,"template":"","format":"standard","meta":{"footnotes":""},"categories":[4],"tags":[11,1011,27,2487,2357,12,4594,25],"class_list":{"0":"post-251563","1":"post","2":"type-post","3":"status-publish","4":"format-standard","5":"has-post-thumbnail","7":"category-france","8":"tag-actualites","9":"tag-fr","10":"tag-france","11":"tag-meteo","12":"tag-meteo-france","13":"tag-news","14":"tag-orages","15":"tag-republique-francaise"},"share_on_mastodon":{"url":"https:\/\/pubeurope.com\/@fr\/114863517418355835","error":""},"_links":{"self":[{"href":"https:\/\/www.europesays.com\/fr\/wp-json\/wp\/v2\/posts\/251563","targetHints":{"allow":["GET"]}}],"collection":[{"href":"https:\/\/www.europesays.com\/fr\/wp-json\/wp\/v2\/posts"}],"about":[{"href":"https:\/\/www.europesays.com\/fr\/wp-json\/wp\/v2\/types\/post"}],"author":[{"embeddable":true,"href":"https:\/\/www.europesays.com\/fr\/wp-json\/wp\/v2\/users\/2"}],"replies":[{"embeddable":true,"href":"https:\/\/www.europesays.com\/fr\/wp-json\/wp\/v2\/comments?post=251563"}],"version-history":[{"count":0,"href":"https:\/\/www.europesays.com\/fr\/wp-json\/wp\/v2\/posts\/251563\/revisions"}],"wp:featuredmedia":[{"embeddable":true,"href":"https:\/\/www.europesays.com\/fr\/wp-json\/wp\/v2\/media\/251564"}],"wp:attachment":[{"href":"https:\/\/www.europesays.com\/fr\/wp-json\/wp\/v2\/media?parent=251563"}],"wp:term":[{"taxonomy":"category","embeddable":true,"href":"https:\/\/www.europesays.com\/fr\/wp-json\/wp\/v2\/categories?post=251563"},{"taxonomy":"post_tag","embeddable":true,"href":"https:\/\/www.europesays.com\/fr\/wp-json\/wp\/v2\/tags?post=251563"}],"curies":[{"name":"wp","href":"https:\/\/api.w.org\/{rel}","templated":true}]}}