{"id":251567,"date":"2025-07-16T15:03:19","date_gmt":"2025-07-16T15:03:19","guid":{"rendered":"https:\/\/www.europesays.com\/fr\/251567\/"},"modified":"2025-07-16T15:03:19","modified_gmt":"2025-07-16T15:03:19","slug":"tournoi-pro-tour-de-volleyball-de-plage-marie-alex-belanger-au-tableau-principal-de-lescale-montrealaise","status":"publish","type":"post","link":"https:\/\/www.europesays.com\/fr\/251567\/","title":{"rendered":"Tournoi Pro Tour de volleyball de plage | Marie-Alex B\u00e9langer au tableau principal de l\u2019escale montr\u00e9alaise"},"content":{"rendered":"<p class=\"lead textModule textModule--type-lead \" style=\"\">La Qu\u00e9b\u00e9coise Marie-Alex B\u00e9langer et sa partenaire de jeu ontarienne Lea Monkhouse ont re\u00e7u une invitation pour le tableau principal de l\u2019escale montr\u00e9alaise du World Pro Tour de volleyball de plage, a annonc\u00e9 le comit\u00e9 organisateur mercredi matin.\u00a0\u00a0<\/p>\n<p>                    Publi\u00e9 \u00e0 9\u00a0h\u00a000<\/p>\n<p>    <a class=\"print\" href=\"https:\/\/www.lapresse.ca\/sports\/2025-07-16\/tournoi-pro-tour-de-volleyball-de-plage\/javascript:window.print();\" title=\"Imprimer la page\" rel=\"nofollow noopener\" target=\"_blank\"><\/p>\n<p>        <img loading=\"lazy\" decoding=\"async\" width=\"16\" height=\"18\" src=\"https:\/\/www.europesays.com\/fr\/wp-content\/uploads\/2025\/04\/share-icon.png\" alt=\"Partager\"\/><\/p>\n<p class=\"paragraph textModule textModule--type-paragraph \" style=\"\">B\u00e9langer, une joueuse de 32\u00a0ans originaire de Saint-Alphonse-Rodriguez, et Monkhouse feront partie de l\u2019imposant contingent canadien qui participera \u00e0 cette \u00e9preuve, qui se d\u00e9roulera du 13 au 17\u00a0ao\u00fbt au parc Jean-Drapeau, sur le circuit Gilles-Villeneuve, qui sera transform\u00e9 pour l\u2019occasion en ar\u00e8ne de volleyball de plage.\u00a0\u00a0<\/p>\n<p class=\"paragraph textModule textModule--type-paragraph \" style=\"\">\u00ab\u00a0Je suis heureuse d\u2019\u00eatre rendue \u00e0 comp\u00e9titionner avec les meilleures \u00e9quipes du monde, et encore plus de le faire chez moi, au parc Jean-Drapeau. C\u2019est une chance incroyable de pouvoir participer \u00e0 cette \u00e9dition en sol qu\u00e9b\u00e9cois\u00a0\u00bb, a d\u00e9clar\u00e9 B\u00e9langer par voie de communiqu\u00e9. <\/p>\n<p class=\"paragraph textModule textModule--type-paragraph \" style=\"\">Chez les dames, les Ontariennes Melissa Humana-Paredes et Brandie Wilkerson, championnes du tournoi en 2023 et m\u00e9daill\u00e9es d\u2019argent aux Jeux olympiques de Paris l\u2019\u00e9t\u00e9 dernier, seront les t\u00eates d\u2019affiche.\u00a0\u00a0<\/p>\n<p>                                        <img decoding=\"async\" src=\"https:\/\/www.europesays.com\/fr\/wp-content\/uploads\/2025\/07\/c6c0804f992c3d94a21e58f7ecacf2b4.jpg\" alt=\"\" class=\"photoModule__visual\" itemprop=\"contentUrl url\"\/><\/p>\n<p class=\"credit photoModule__caption photoModule__caption--credit\" style=\"\">\n                    PHOTO OLIVIER JEAN, ARCHIVES LA PRESSE\n                <\/p>\n<p class=\"description photoModule__caption photoModule__caption--description\" style=\"\">\n                    Brandie Wilkerson et Melissa Humana-Paredes aux Jeux olympiques de Paris.\n                <\/p>\n<p class=\"paragraph textModule textModule--type-paragraph \" style=\"\">Le tandem ontarien compos\u00e9 de Sophie Bukovec et Heather Bansley devra quant \u00e0 lui se soumettre aux qualifications pour rejoindre leurs compatriotes au tableau principal f\u00e9minin.\u00a0\u00a0<\/p>\n<p class=\"paragraph textModule textModule--type-paragraph \" style=\"\">Les repr\u00e9sentantes de l\u2019unifoli\u00e9 se mesureront notamment aux formations du Br\u00e9sil, des \u00c9tats-Unis, de la Suisse, de l\u2019Allemagne et de la Lettonie, qui sont toutes class\u00e9es dans le top\u00a010 mondial. <\/p>\n<p class=\"paragraph textModule textModule--type-paragraph \" style=\"\">Du c\u00f4t\u00e9 masculin, les trois meilleures \u00e9quipes au monde en 2024\u00a0\u2014 celles des Pays-Bas, de la Su\u00e8de et de la Norv\u00e8ge \u2014 participeront au tournoi.\u00a0\u00a0<\/p>\n<p class=\"paragraph textModule textModule--type-paragraph \" style=\"\">Les Ontariens avec Sam Schachter et Jonny Pickett ont \u00e9t\u00e9 invit\u00e9s au tableau principal, et ils pourraient \u00eatre accompagn\u00e9s de leurs compatriotes britanno-colombiens Tynan Gannett et Luke de\u00a0Greeff, qui devront toutefois se soumettre au processus de qualifications.\u00a0\u00a0<\/p>\n<p class=\"paragraph textModule textModule--type-paragraph \" style=\"\">\u00ab\u00a0Nous sommes tr\u00e8s fiers d\u2019accueillir des \u00e9quipes de ce calibre pour cette \u00e9dition. C\u2019est un privil\u00e8ge de pouvoir compter sur la pr\u00e9sence des \u00e9quipes canadiennes de haut niveau qui repr\u00e9senteront fi\u00e8rement le talent local sur la sc\u00e8ne internationale\u00a0\u00bb, a mentionn\u00e9 le directeur g\u00e9n\u00e9ral de Beach Volleyball \u00c9v\u00e8nements, Joseph Limare.<\/p>\n<p class=\"paragraph textModule textModule--type-paragraph \" style=\"\">Au total, 32\u00a0\u00e9quipes \u2014 16 du c\u00f4t\u00e9 f\u00e9minin, et 16 du c\u00f4t\u00e9 masculin \u2014 s\u2019affronteront dans cette comp\u00e9tition, la seule escale nord-am\u00e9ricaine du circuit Volleyball World Beach Pro Tour.\u00a0\u00a0<\/p>\n","protected":false},"excerpt":{"rendered":"La Qu\u00e9b\u00e9coise Marie-Alex B\u00e9langer et sa partenaire de jeu ontarienne Lea Monkhouse ont re\u00e7u une invitation pour le&hellip;\n","protected":false},"author":2,"featured_media":251568,"comment_status":"","ping_status":"","sticky":false,"template":"","format":"standard","meta":{"footnotes":""},"categories":[1417],"tags":[1011,27,60,1470,1469],"class_list":{"0":"post-251567","1":"post","2":"type-post","3":"status-publish","4":"format-standard","5":"has-post-thumbnail","7":"category-volley","8":"tag-fr","9":"tag-france","10":"tag-sports","11":"tag-volley","12":"tag-volleyball"},"share_on_mastodon":{"url":"https:\/\/pubeurope.com\/@fr\/114863525400610282","error":""},"_links":{"self":[{"href":"https:\/\/www.europesays.com\/fr\/wp-json\/wp\/v2\/posts\/251567","targetHints":{"allow":["GET"]}}],"collection":[{"href":"https:\/\/www.europesays.com\/fr\/wp-json\/wp\/v2\/posts"}],"about":[{"href":"https:\/\/www.europesays.com\/fr\/wp-json\/wp\/v2\/types\/post"}],"author":[{"embeddable":true,"href":"https:\/\/www.europesays.com\/fr\/wp-json\/wp\/v2\/users\/2"}],"replies":[{"embeddable":true,"href":"https:\/\/www.europesays.com\/fr\/wp-json\/wp\/v2\/comments?post=251567"}],"version-history":[{"count":0,"href":"https:\/\/www.europesays.com\/fr\/wp-json\/wp\/v2\/posts\/251567\/revisions"}],"wp:featuredmedia":[{"embeddable":true,"href":"https:\/\/www.europesays.com\/fr\/wp-json\/wp\/v2\/media\/251568"}],"wp:attachment":[{"href":"https:\/\/www.europesays.com\/fr\/wp-json\/wp\/v2\/media?parent=251567"}],"wp:term":[{"taxonomy":"category","embeddable":true,"href":"https:\/\/www.europesays.com\/fr\/wp-json\/wp\/v2\/categories?post=251567"},{"taxonomy":"post_tag","embeddable":true,"href":"https:\/\/www.europesays.com\/fr\/wp-json\/wp\/v2\/tags?post=251567"}],"curies":[{"name":"wp","href":"https:\/\/api.w.org\/{rel}","templated":true}]}}