{"id":251569,"date":"2025-07-16T15:04:20","date_gmt":"2025-07-16T15:04:20","guid":{"rendered":"https:\/\/www.europesays.com\/fr\/251569\/"},"modified":"2025-07-16T15:04:20","modified_gmt":"2025-07-16T15:04:20","slug":"antoine-dupont-en-admiration-devant-une-equipe-du-top-14-autre-que-toulouse-jai-adore-les-regarder-jouer-cette-saison","status":"publish","type":"post","link":"https:\/\/www.europesays.com\/fr\/251569\/","title":{"rendered":"Antoine Dupont en admiration devant une \u00e9quipe du Top 14, autre que Toulouse : \u00ab\u00a0J&rsquo;ai ador\u00e9 les regarder jouer cette saison\u00a0\u00bb"},"content":{"rendered":"<p>Le demi-de-m\u00eal\u00e9e international fran\u00e7ais Antoine Dupont s\u2019est longuement confi\u00e9 via <a href=\"https:\/\/www.lequipe.fr\/Rugby\/Article\/Antoine-dupont-2027-sera-une-annee-cruciale\/1578256\" rel=\"nofollow noopener\" target=\"_blank\">L\u2019\u00e9quipe<\/a>.<\/p>\n<p>Au cours de cet entretien, le joueur du Stade-Toulousain a expliqu\u00e9 appr\u00e9cier toujours le beau jeu, mais pas que.<\/p>\n<p>Il prend pour exemple l\u2019\u00e9quipe de France qui a su courageusement d\u00e9fendre sa ligne lors de la premi\u00e8re d\u00e9faite contre les All-Blacks.<\/p>\n<p>S\u2019il loue la qualit\u00e9 des All-Blacks, il explique \u00e9galement avoir pris beaucoup de plaisir \u00e0 regarder jouer une \u00e9quipe du Top 14, autre que le Stade-Toulousain.<\/p>\n<p>En effet, il cite Vannes, qui a termin\u00e9 lanterne rouge du Top 14 et qui est donc rel\u00e9gu\u00e9 en Pro D2.<\/p>\n<p><strong>A lire ci-dessous :\u00a0<\/strong><\/p>\n<p>\u00ab\u00a0Moi, j\u2019aime toujours le beau jeu parce que c\u2019est plus plaisant \u00e0 voir. Mais une \u00e9quipe hyper soud\u00e9e qui d\u00e9fend, comme notre \u00e9quipe de France lors du premier test face aux All Blacks (d\u00e9faite 33-27), il y a dix jours, peut \u00eatre aussi tr\u00e8s inspirante. J\u2019ai ador\u00e9 regarder jouer Vannes cette saison, par exemple.<\/p>\n<p>La Nouvelle-Z\u00e9lande demeure aussi une \u00e9quipe mythique qui fait plaisir \u00e0 voir. J\u2019ai l\u2019impression que dans le rugby actuel, on revient de plus en plus \u00e0 un jeu d\u2019initiatives, de mouvements. On voit de plus en plus de joueurs qui tentent des choses. Moi, je me retrouve compl\u00e8tement l\u00e0-dedans.\u00a0\u00bb<\/p>\n","protected":false},"excerpt":{"rendered":"Le demi-de-m\u00eal\u00e9e international fran\u00e7ais Antoine Dupont s\u2019est longuement confi\u00e9 via L\u2019\u00e9quipe. Au cours de cet entretien, le joueur&hellip;\n","protected":false},"author":2,"featured_media":251570,"comment_status":"","ping_status":"","sticky":false,"template":"","format":"standard","meta":{"footnotes":""},"categories":[1416],"tags":[1011,27,479,1468,60],"class_list":{"0":"post-251569","1":"post","2":"type-post","3":"status-publish","4":"format-standard","5":"has-post-thumbnail","7":"category-rugby","8":"tag-fr","9":"tag-france","10":"tag-rugby","11":"tag-rugby-football","12":"tag-sports"},"share_on_mastodon":{"url":"https:\/\/pubeurope.com\/@fr\/114863529183720276","error":""},"_links":{"self":[{"href":"https:\/\/www.europesays.com\/fr\/wp-json\/wp\/v2\/posts\/251569","targetHints":{"allow":["GET"]}}],"collection":[{"href":"https:\/\/www.europesays.com\/fr\/wp-json\/wp\/v2\/posts"}],"about":[{"href":"https:\/\/www.europesays.com\/fr\/wp-json\/wp\/v2\/types\/post"}],"author":[{"embeddable":true,"href":"https:\/\/www.europesays.com\/fr\/wp-json\/wp\/v2\/users\/2"}],"replies":[{"embeddable":true,"href":"https:\/\/www.europesays.com\/fr\/wp-json\/wp\/v2\/comments?post=251569"}],"version-history":[{"count":0,"href":"https:\/\/www.europesays.com\/fr\/wp-json\/wp\/v2\/posts\/251569\/revisions"}],"wp:featuredmedia":[{"embeddable":true,"href":"https:\/\/www.europesays.com\/fr\/wp-json\/wp\/v2\/media\/251570"}],"wp:attachment":[{"href":"https:\/\/www.europesays.com\/fr\/wp-json\/wp\/v2\/media?parent=251569"}],"wp:term":[{"taxonomy":"category","embeddable":true,"href":"https:\/\/www.europesays.com\/fr\/wp-json\/wp\/v2\/categories?post=251569"},{"taxonomy":"post_tag","embeddable":true,"href":"https:\/\/www.europesays.com\/fr\/wp-json\/wp\/v2\/tags?post=251569"}],"curies":[{"name":"wp","href":"https:\/\/api.w.org\/{rel}","templated":true}]}}