{"id":251571,"date":"2025-07-16T15:06:13","date_gmt":"2025-07-16T15:06:13","guid":{"rendered":"https:\/\/www.europesays.com\/fr\/251571\/"},"modified":"2025-07-16T15:06:13","modified_gmt":"2025-07-16T15:06:13","slug":"wta-quand-amanda-anisimova-est-entree-sur-le-court-face-a-iga-swiatek-en-finale-de-wimbledon-on-pouvait-voir-quelle-netait-pas-elle-meme-elle-navait-aucun-sens-de-lequilibre-estime-rennae-s","status":"publish","type":"post","link":"https:\/\/www.europesays.com\/fr\/251571\/","title":{"rendered":"WTA > \u00ab\u00a0Quand Amanda Anisimova est entr\u00e9e sur le court face \u00e0 Iga Swiatek en finale de Wimbledon, on pouvait voir qu&rsquo;elle n&rsquo;\u00e9tait pas elle-m\u00eame. Elle n&rsquo;avait aucun sens de l&rsquo;\u00e9quilibre\u00a0\u00bb, estime Rennae Stubbs"},"content":{"rendered":"<p>S\u00e8chement battue, 6\u20130, 6\u20130, en finale de Wimbledon par Iga Swiatek, Amanda Anisimova a certai\u00adne\u00adment v\u00e9cu l\u2019un des moments les plus diffi\u00adciles de sa carri\u00e8re sur un court de tennis.<\/p>\n<p>Pour l\u2019an\u00adcienne joueuse austra\u00adlienne, Rennae Stubbs, l\u2019Am\u00e9ricaine n\u2019\u00e9tait clai\u00adre\u00adment pas dans son \u00e9tat normal au moment de p\u00e9n\u00e9\u00adtrer sur le Centre Court.\u00a0<\/p>\n<p><strong>\u00ab\u202fM\u00eame en finale, Iga Swiatek n\u2019a pas faibli. Elle a continu\u00e9 \u00e0 faire ce qu\u2019il fallait. Il est clair qu\u2019Amanda Anisimova \u00e9tait compl\u00e8\u00adte\u00adment fig\u00e9e en finale. Elle \u00e9tait proba\u00adble\u00adment \u00e9puis\u00e9e par sa victoire en demi\u2010finale, elle est arriv\u00e9e dans ce match \u00e9puis\u00e9e et incroya\u00adble\u00adment nerveuse. On pouvait voir que ses mouve\u00adments n\u2019\u00e9taient pas les m\u00eames, qu\u2019elle n\u2019\u00e9tait pas elle\u2010m\u00eame. Elle n\u2019avait aucun sens de l\u2019\u00e9qui\u00adlibre sur le terrain. Je me suis dit qu\u2019elle \u00e9tait fig\u00e9e. Et c\u2019est arriv\u00e9. Cela arrive et elle \u00e9tait \u00e9puis\u00e9e. Elle en tirera des le\u00e7ons et cela fera d\u2019elle une meilleure joueuse\u202f\u00bb<\/strong>, d\u00e9clar\u00e9 Stubbs dans le dernier \u00e9pisode de son podcast.\u00a0<\/p>\n<p class=\"post-published-date\" style=\"color: silver; font-size: 75%; text-align: left;\">Publi\u00e9 le mercredi 16 juillet 2025 \u00e0 15:15<\/p>\n","protected":false},"excerpt":{"rendered":"S\u00e8chement battue, 6\u20130, 6\u20130, en finale de Wimbledon par Iga Swiatek, Amanda Anisimova a certai\u00adne\u00adment v\u00e9cu l\u2019un des&hellip;\n","protected":false},"author":2,"featured_media":251572,"comment_status":"","ping_status":"","sticky":false,"template":"","format":"standard","meta":{"footnotes":""},"categories":[1415],"tags":[1011,27,2200,60,1467],"class_list":{"0":"post-251571","1":"post","2":"type-post","3":"status-publish","4":"format-standard","5":"has-post-thumbnail","7":"category-tennis","8":"tag-fr","9":"tag-france","10":"tag-iga-swiatek","11":"tag-sports","12":"tag-tennis"},"share_on_mastodon":{"url":"https:\/\/pubeurope.com\/@fr\/114863536993992986","error":""},"_links":{"self":[{"href":"https:\/\/www.europesays.com\/fr\/wp-json\/wp\/v2\/posts\/251571","targetHints":{"allow":["GET"]}}],"collection":[{"href":"https:\/\/www.europesays.com\/fr\/wp-json\/wp\/v2\/posts"}],"about":[{"href":"https:\/\/www.europesays.com\/fr\/wp-json\/wp\/v2\/types\/post"}],"author":[{"embeddable":true,"href":"https:\/\/www.europesays.com\/fr\/wp-json\/wp\/v2\/users\/2"}],"replies":[{"embeddable":true,"href":"https:\/\/www.europesays.com\/fr\/wp-json\/wp\/v2\/comments?post=251571"}],"version-history":[{"count":0,"href":"https:\/\/www.europesays.com\/fr\/wp-json\/wp\/v2\/posts\/251571\/revisions"}],"wp:featuredmedia":[{"embeddable":true,"href":"https:\/\/www.europesays.com\/fr\/wp-json\/wp\/v2\/media\/251572"}],"wp:attachment":[{"href":"https:\/\/www.europesays.com\/fr\/wp-json\/wp\/v2\/media?parent=251571"}],"wp:term":[{"taxonomy":"category","embeddable":true,"href":"https:\/\/www.europesays.com\/fr\/wp-json\/wp\/v2\/categories?post=251571"},{"taxonomy":"post_tag","embeddable":true,"href":"https:\/\/www.europesays.com\/fr\/wp-json\/wp\/v2\/tags?post=251571"}],"curies":[{"name":"wp","href":"https:\/\/api.w.org\/{rel}","templated":true}]}}