{"id":251573,"date":"2025-07-16T15:09:08","date_gmt":"2025-07-16T15:09:08","guid":{"rendered":"https:\/\/www.europesays.com\/fr\/251573\/"},"modified":"2025-07-16T15:09:08","modified_gmt":"2025-07-16T15:09:08","slug":"franco-morbidelli-ne-pourra-pas-disputer-le-gp-de-republique-tcheque","status":"publish","type":"post","link":"https:\/\/www.europesays.com\/fr\/251573\/","title":{"rendered":"Franco Morbidelli ne pourra pas disputer le GP de R\u00e9publique tch\u00e8que"},"content":{"rendered":"<p>VR46 n&rsquo;alignera que <a href=\"https:\/\/fr.motorsport.com\/driver\/fabio-di-giannantonio\/289538\/\" target=\"_blank\" rel=\"noopener\">Fabio Di Giannantonio<\/a> au GP de R\u00e9publique tch\u00e8que. <a href=\"https:\/\/fr.motorsport.com\/driver\/franco-morbidelli\/109417\/\" target=\"_blank\" rel=\"noopener\">Franco Morbidelli<\/a> est lourdement tomb\u00e9 lors du sprint au Sachsenring, ce qui l&rsquo;a contraint au forfait pour le reste du week-end, en raison d&rsquo;une \u00e9paule gauche rest\u00e9e tr\u00e8s douloureuse. Les examens pass\u00e9s ces derniers jours ont \u00e9cart\u00e9 toute fracture mais la douleur reste tr\u00e8s forte, et l&rsquo;Italien ne va donc pas piloter sa Ducati ce week-end.<\/p>\n<p>\u00ab\u00a0Apr\u00e8s deux journ\u00e9es d&rsquo;examens m\u00e9dicaux, de s\u00e9ances de kin\u00e9sith\u00e9rapie et de repos, nous avons d\u00e9cid\u00e9 avec l&rsquo;\u00e9quipe de manquer ce GP \u00e0 Brno\u00a0\u00bb, d\u00e9clare Morbidelli. \u00ab\u00a0Il est toujours difficile de prendre de telles d\u00e9cisions, mais apr\u00e8s une lourde chute comme celle que j&rsquo;ai subie au Sachsenring\u00a0\u2013 et \u00e0 ce moment du championnat avant la pause estivale\u00a0\u2013 cela n&rsquo;a aucun sens de prendre des risques, parce que la douleur reste pr\u00e9sente.\u00a0\u00bb<\/p>\n<p>\u00ab\u00a0Ce n&rsquo;est \u00e9videmment pas un moment facile mais j&rsquo;ai re\u00e7u un important soutien de toute mon \u00e9quipe, de la VR46 Riders Academy et de tous les supporters qui veulent me voir en pleine possession de mes moyens.\u00a0\u00bb<\/p>\n<p>\u00a0<\/p>\n<p>Comme il l&rsquo;avait fait chez Pramac au moment de sa blessure au d\u00e9but de l&rsquo;ann\u00e9e 2024, Morbidelli sera bien pr\u00e9sent dans le garage de son \u00e9quipe en R\u00e9publique tch\u00e8que\u00a0: \u00ab\u00a0Ce week-end, je serai \u00e0 Brno parce que je veux continuer \u00e0 travailler avec mon \u00e9quipe, et elle me donne la possibilit\u00e9 de poursuivre mon programme de r\u00e9cup\u00e9ration en piste, pour revenir en Autriche dans la meilleure forme possible.\u00a0\u00bb<\/p>\n<p>Trois titulaires manqueront \u00e0 l&rsquo;appel ce week-end puisque <a href=\"https:\/\/fr.motorsport.com\/driver\/maverick-vinales\/96553\/\" target=\"_blank\" rel=\"noopener\">Maverick Vi\u00f1ales<\/a>, qui s&rsquo;est <a href=\"https:\/\/fr.motorsport.com\/motogp\/news\/maverick-vinales-operation-entame-convalescence\/10742124\/\" target=\"_blank\" rel=\"noopener\">fractur\u00e9 l&rsquo;\u00e9paule gauche<\/a> en Q2 au Sachsenring, et <a href=\"https:\/\/fr.motorsport.com\/driver\/somkiat-chantra\/823104\/\" target=\"_blank\" rel=\"noopener\">Somkiat Chantra<\/a>, touch\u00e9 au genou droit apr\u00e8s une chute lors d&rsquo;un entra\u00eenement, ont d\u00e9clar\u00e9 forfait. Ils seront respectivement remplac\u00e9s par <a href=\"https:\/\/fr.motorsport.com\/driver\/pol-espargaro\/94345\/\" target=\"_blank\" rel=\"noopener\">Pol Espargar\u00f3<\/a> et <a href=\"https:\/\/fr.motorsport.com\/driver\/takaaki-nakagami\/109418\/\" target=\"_blank\" rel=\"noopener\">Takaaki Nakagami<\/a>.<\/p>\n<p>En revanche, le champion du monde en titre\u00a0<a href=\"https:\/\/fr.motorsport.com\/driver\/jorge-martin\/109391\/\" target=\"_blank\" rel=\"noopener\">Jorge Mart\u00edn<\/a> fait son grand retour \u00e0 la comp\u00e9tition apr\u00e8s trois mois de convalescence. <a href=\"https:\/\/fr.motorsport.com\/driver\/enea-bastianini\/109398\/\" target=\"_blank\" rel=\"noopener\">Enea Bastianini<\/a>, absent au Sachsenring en raison d&rsquo;une appendicite, sera lui aussi de retour.<\/p>\n<p>Lire aussi :<\/p>\n<\/p>\n<p>Dans cet article<\/p>\n<p>Soyez le premier inform\u00e9 et souscrivez aux alertes mails pour recevoir les infos en temps r\u00e9el<\/p>\n<p>    S&rsquo;abonner aux alertes de news<\/p>\n","protected":false},"excerpt":{"rendered":"VR46 n&rsquo;alignera que Fabio Di Giannantonio au GP de R\u00e9publique tch\u00e8que. Franco Morbidelli est lourdement tomb\u00e9 lors du&hellip;\n","protected":false},"author":2,"featured_media":251574,"comment_status":"","ping_status":"","sticky":false,"template":"","format":"standard","meta":{"footnotes":""},"categories":[1413],"tags":[37813,1011,27,7985,37812,1457,1456,1458,60,7276],"class_list":{"0":"post-251573","1":"post","2":"type-post","3":"status-publish","4":"format-standard","5":"has-post-thumbnail","7":"category-moto","8":"tag-brno-circuit","9":"tag-fr","10":"tag-france","11":"tag-franco-morbidelli","12":"tag-gp-de-ru00e9publique-tchu00e8que","13":"tag-moto","14":"tag-motocycle","15":"tag-motogp","16":"tag-sports","17":"tag-team-vr46"},"share_on_mastodon":{"url":"https:\/\/pubeurope.com\/@fr\/114863548851673495","error":""},"_links":{"self":[{"href":"https:\/\/www.europesays.com\/fr\/wp-json\/wp\/v2\/posts\/251573","targetHints":{"allow":["GET"]}}],"collection":[{"href":"https:\/\/www.europesays.com\/fr\/wp-json\/wp\/v2\/posts"}],"about":[{"href":"https:\/\/www.europesays.com\/fr\/wp-json\/wp\/v2\/types\/post"}],"author":[{"embeddable":true,"href":"https:\/\/www.europesays.com\/fr\/wp-json\/wp\/v2\/users\/2"}],"replies":[{"embeddable":true,"href":"https:\/\/www.europesays.com\/fr\/wp-json\/wp\/v2\/comments?post=251573"}],"version-history":[{"count":0,"href":"https:\/\/www.europesays.com\/fr\/wp-json\/wp\/v2\/posts\/251573\/revisions"}],"wp:featuredmedia":[{"embeddable":true,"href":"https:\/\/www.europesays.com\/fr\/wp-json\/wp\/v2\/media\/251574"}],"wp:attachment":[{"href":"https:\/\/www.europesays.com\/fr\/wp-json\/wp\/v2\/media?parent=251573"}],"wp:term":[{"taxonomy":"category","embeddable":true,"href":"https:\/\/www.europesays.com\/fr\/wp-json\/wp\/v2\/categories?post=251573"},{"taxonomy":"post_tag","embeddable":true,"href":"https:\/\/www.europesays.com\/fr\/wp-json\/wp\/v2\/tags?post=251573"}],"curies":[{"name":"wp","href":"https:\/\/api.w.org\/{rel}","templated":true}]}}