{"id":251581,"date":"2025-07-16T15:15:24","date_gmt":"2025-07-16T15:15:24","guid":{"rendered":"https:\/\/www.europesays.com\/fr\/251581\/"},"modified":"2025-07-16T15:15:24","modified_gmt":"2025-07-16T15:15:24","slug":"albina-du-boisrouvray-le-besoin-de-reparer-liberation","status":"publish","type":"post","link":"https:\/\/www.europesays.com\/fr\/251581\/","title":{"rendered":"Albina du Boisrouvray, le besoin de r\u00e9parer \u2013 Lib\u00e9ration"},"content":{"rendered":"<p class=\"sc-ksZaOG ehjQrN text-element\">\u00abJ\u2019ai cr\u00e9\u00e9 des choses qui apparemment n\u2019ont rien \u00e0 voir les unes avec les autres, mais qui pour moi se tiennent totalement.\u00bb Depuis pr\u00e8s de quatre d\u00e9cennies, Albina du Boisrouvray s\u2019empare de causes. Si diverses qu\u2019on peine parfois \u00e0 trouver le fil conducteur du combat de madame \u00abla comtesse\u00bb, titre qu\u2019elle abhorre, mais qui lui a valu, dans sa jeunesse, une pr\u00e9sence r\u00e9guli\u00e8re dans les magazines people. Un nom et un statut qui, malgr\u00e9 tout, offrent aussi un r\u00e9seau qui peut avoir son utilit\u00e9. <\/p>\n<p class=\"sc-ksZaOG ehjQrN text-element\">En cette fin juin, celle qui vit entre la campagne portugaise et le Valais suisse, est \u00e0 Paris pour lever des fonds pour sa fondation, FXB Global. Au d\u00eener d\u2019anniversaire sont vendus aux ench\u00e8res un tirage de son ami Yann Arthus-Bertrand, venu en personne pour convaincre les acheteurs, ou encore un original du Chat de Philippe Geluck.<\/p>\n<p class=\"sc-ksZaOG ehjQrN text-element\">Mais il ne faut pas s\u2019en tenir \u00e0 la particule, l\u2019histoire est plus complexe qu\u2019il n\u2019y para\u00eet. Albina du Boisrouvray na\u00eet en 1939 d\u2019un p\u00e8re de la vieille aristocratie fran\u00e7aise et d\u2019une m\u00e8re bolivienne. Son grand-p\u00e8re Simon Patino, un mineur quechua n\u00e9 tr\u00e8s pauvre, avait fait fortune dans l\u2019\u00e9tain avant d\u2019\u00e9migrer en Europe. La petite Albina vit une enfance entre New York, Marrakech et la France, marqu\u00e9e par le luxe des biens mat\u00e9riels, mais la pauvret\u00e9 des relations humaines, notamment avec sa m\u00e8re, d\u00e9pressive et distante.<\/p>\n<p class=\"sc-ksZaOG ehjQrN text-element\">\u00abJe vous parle comme \u00e0 une journaliste ou \u00e0 une amie ?\u00bb On ne la voit que pour la deuxi\u00e8me fois, mais elle infuse une b<\/p>\n","protected":false},"excerpt":{"rendered":"\u00abJ\u2019ai cr\u00e9\u00e9 des choses qui apparemment n\u2019ont rien \u00e0 voir les unes avec les autres, mais qui pour&hellip;\n","protected":false},"author":2,"featured_media":251582,"comment_status":"","ping_status":"","sticky":false,"template":"","format":"standard","meta":{"footnotes":""},"categories":[1359],"tags":[39183,58,59,1011,27,30482,973,10181,2439,10705],"class_list":{"0":"post-251581","1":"post","2":"type-post","3":"status-publish","4":"format-standard","5":"has-post-thumbnail","7":"category-people","8":"tag-bernard-kouchner","9":"tag-divertissement","10":"tag-entertainment","11":"tag-fr","12":"tag-france","13":"tag-inegalites-sociales","14":"tag-people","15":"tag-precarite","16":"tag-tiktok","17":"tag-vih"},"share_on_mastodon":{"url":"https:\/\/pubeurope.com\/@fr\/114863572459874074","error":""},"_links":{"self":[{"href":"https:\/\/www.europesays.com\/fr\/wp-json\/wp\/v2\/posts\/251581","targetHints":{"allow":["GET"]}}],"collection":[{"href":"https:\/\/www.europesays.com\/fr\/wp-json\/wp\/v2\/posts"}],"about":[{"href":"https:\/\/www.europesays.com\/fr\/wp-json\/wp\/v2\/types\/post"}],"author":[{"embeddable":true,"href":"https:\/\/www.europesays.com\/fr\/wp-json\/wp\/v2\/users\/2"}],"replies":[{"embeddable":true,"href":"https:\/\/www.europesays.com\/fr\/wp-json\/wp\/v2\/comments?post=251581"}],"version-history":[{"count":0,"href":"https:\/\/www.europesays.com\/fr\/wp-json\/wp\/v2\/posts\/251581\/revisions"}],"wp:featuredmedia":[{"embeddable":true,"href":"https:\/\/www.europesays.com\/fr\/wp-json\/wp\/v2\/media\/251582"}],"wp:attachment":[{"href":"https:\/\/www.europesays.com\/fr\/wp-json\/wp\/v2\/media?parent=251581"}],"wp:term":[{"taxonomy":"category","embeddable":true,"href":"https:\/\/www.europesays.com\/fr\/wp-json\/wp\/v2\/categories?post=251581"},{"taxonomy":"post_tag","embeddable":true,"href":"https:\/\/www.europesays.com\/fr\/wp-json\/wp\/v2\/tags?post=251581"}],"curies":[{"name":"wp","href":"https:\/\/api.w.org\/{rel}","templated":true}]}}