{"id":251583,"date":"2025-07-16T15:16:25","date_gmt":"2025-07-16T15:16:25","guid":{"rendered":"https:\/\/www.europesays.com\/fr\/251583\/"},"modified":"2025-07-16T15:16:25","modified_gmt":"2025-07-16T15:16:25","slug":"deux-nouvelles-directrices-pour-des-musees-parisiens","status":"publish","type":"post","link":"https:\/\/www.europesays.com\/fr\/251583\/","title":{"rendered":"Deux nouvelles directrices pour des mus\u00e9es parisiens"},"content":{"rendered":"<p>15\/7\/25 <strong>&#8211; Nominations &#8211; Paris, Mus\u00e9e des Plans-Reliefs et Palais Galliera &#8211;<\/strong> Alors qu\u2019elle assurait la direction par int\u00e9rim du Mus\u00e9e des Plans-Reliefs depuis un an, Isabelle Warmoes (ill. 1) a \u00e9t\u00e9 nomm\u00e9e officiellement \u00e0 sa t\u00eate d\u00e9but juin. Elle y succ\u00e8de \u00e0 Emmanuel Starcky, parti \u00e0 la retraite. Elle h\u00e9rite, \u00e0 cinquante-sept ans, d\u2019un \u00e9tablissement qu\u2019elle conna\u00eet bien, y \u0153uvrant depuis 2011 en tant qu\u2019ing\u00e9nieure d\u2019\u00e9tudes puis conservatrice, depuis la r\u00e9cente obtention de son dipl\u00f4me \u00e0 l\u2019INP en 2023. Titulaire d\u2019une ma\u00eetrise d\u2019histoire de l\u2019art de l\u2019Universit\u00e9 Paris 1 Panth\u00e9on-Sorbonne et d\u2019un master 2 de l\u2019\u00c9cole Pratique des Hautes \u00c9tudes, elle exer\u00e7a comme historienne ind\u00e9pendante pendant vingt ans avant de rejoindre le quatri\u00e8me \u00e9tage de l\u2019H\u00f4tel des Invalides.<\/p>\n<dl class=\"spip_document_75468 spip_documents spip_documents_center\" itemprop=\"image\" itemscope=\"\" itemtype=\"http:\/\/schema.org\/ImageObject\">\n<dt>\n\t\t<a href=\"https:\/\/www.latribunedelart.com\/IMG\/jpg\/isabelle-warmoes-copyright-photo-maxime-lenik.jpg?75468\/1a53a9925567f2e72db872f6461ff28998ed17a6ed346a295e7757fa478489cd\" title=\"\" type=\"image\/jpeg\" rel=\"nofollow noopener\" target=\"_blank\"><br \/>\n\t\t\t<img loading=\"lazy\" decoding=\"async\" src=\"https:\/\/www.europesays.com\/fr\/wp-content\/uploads\/2025\/07\/isabelle-warmoes-copyright-photo-maxime-lenik-4f8e1.jpg\" width=\"468\" height=\"287\" alt=\"\" itemprop=\"contentUrl\"\/><br \/>\n\t\t<\/a>\n\t<\/dt>\n<dd class=\"crayon document-descriptif-75468 spip_doc_descriptif\" style=\"width:350px;\" itemprop=\"description\">1.\u2026<\/dd>\n<\/dl>\n<p>Pour avoir acc\u00e8s \u00e0 ce contenu, vous devez vous abonner \u00e0 La Tribune de l\u2019Art. Les avantages et les conditions de cet abonnement, qui vous permettra par ailleurs de soutenir La Tribune de l\u2019Art, sont d\u00e9crits sur <a href=\"https:\/\/www.latribunedelart.com\/s-abonner\" rel=\"nofollow noopener\" target=\"_blank\">la page d\u2019abonnement<\/a>.<\/p>\n","protected":false},"excerpt":{"rendered":"15\/7\/25 &#8211; Nominations &#8211; Paris, Mus\u00e9e des Plans-Reliefs et Palais Galliera &#8211; Alors qu\u2019elle assurait la direction par&hellip;\n","protected":false},"author":2,"featured_media":251584,"comment_status":"","ping_status":"","sticky":false,"template":"","format":"standard","meta":{"footnotes":""},"categories":[1358],"tags":[1348,1384,1385,1386,58,59,1011,27],"class_list":{"0":"post-251583","1":"post","2":"type-post","3":"status-publish","4":"format-standard","5":"has-post-thumbnail","7":"category-arts-et-design","8":"tag-arts","9":"tag-arts-and-design","10":"tag-arts-et-design","11":"tag-design","12":"tag-divertissement","13":"tag-entertainment","14":"tag-fr","15":"tag-france"},"share_on_mastodon":{"url":"https:\/\/pubeurope.com\/@fr\/114863576385305205","error":""},"_links":{"self":[{"href":"https:\/\/www.europesays.com\/fr\/wp-json\/wp\/v2\/posts\/251583","targetHints":{"allow":["GET"]}}],"collection":[{"href":"https:\/\/www.europesays.com\/fr\/wp-json\/wp\/v2\/posts"}],"about":[{"href":"https:\/\/www.europesays.com\/fr\/wp-json\/wp\/v2\/types\/post"}],"author":[{"embeddable":true,"href":"https:\/\/www.europesays.com\/fr\/wp-json\/wp\/v2\/users\/2"}],"replies":[{"embeddable":true,"href":"https:\/\/www.europesays.com\/fr\/wp-json\/wp\/v2\/comments?post=251583"}],"version-history":[{"count":0,"href":"https:\/\/www.europesays.com\/fr\/wp-json\/wp\/v2\/posts\/251583\/revisions"}],"wp:featuredmedia":[{"embeddable":true,"href":"https:\/\/www.europesays.com\/fr\/wp-json\/wp\/v2\/media\/251584"}],"wp:attachment":[{"href":"https:\/\/www.europesays.com\/fr\/wp-json\/wp\/v2\/media?parent=251583"}],"wp:term":[{"taxonomy":"category","embeddable":true,"href":"https:\/\/www.europesays.com\/fr\/wp-json\/wp\/v2\/categories?post=251583"},{"taxonomy":"post_tag","embeddable":true,"href":"https:\/\/www.europesays.com\/fr\/wp-json\/wp\/v2\/tags?post=251583"}],"curies":[{"name":"wp","href":"https:\/\/api.w.org\/{rel}","templated":true}]}}