{"id":251587,"date":"2025-07-16T15:22:16","date_gmt":"2025-07-16T15:22:16","guid":{"rendered":"https:\/\/www.europesays.com\/fr\/251587\/"},"modified":"2025-07-16T15:22:16","modified_gmt":"2025-07-16T15:22:16","slug":"les-derniers-jours-de-thierry-ardisson-racontes-par-laurent-baffie","status":"publish","type":"post","link":"https:\/\/www.europesays.com\/fr\/251587\/","title":{"rendered":"les derniers jours de Thierry Ardisson racont\u00e9s par Laurent Baffie"},"content":{"rendered":"<p class=\"mb-4 text-lg md:leading-8 break-words\">Ils ont \u00e9t\u00e9 l\u00e0 jusqu&rsquo;au bout pour Thierry\u00a0: ses amis, mais surtout son \u00e9pouse, Audrey Crespo-Mara, et ses trois enfants, Manon (36\u00a0ans), Ninon (34\u00a0ans) et Gaston (29\u00a0ans), n\u00e9s de son union avec sa seconde \u00e9pouse, B\u00e9atrice. Parmi les proches, Laurent Baffie, fid\u00e8le parmi les fid\u00e8les depuis quarante ans, connu comme le sniper de choc de ses \u00e9missions t\u00e9l\u00e9.<\/p>\n<p class=\"mb-4 text-lg md:leading-8 break-words\">\u00ab\u00a0Il a toujours dit qu&rsquo;il regarderait la mort en face, il a \u00e9t\u00e9 incroyable, a-t-il racont\u00e9 sur l&rsquo;antenne de\u00a0<a class=\"link \" href=\"https:\/\/www.rtl.fr\/culture\/medias-people\/laurent-baffie-sur-rtl-thierry-ardisson-a-vraiment-reussi-sa-mort-un-14-juillet-pour-un-monarchiste-c-est-incroyable-7900523639\" rel=\"nofollow noopener\" target=\"_blank\" data-ylk=\"slk:RTL;elm:context_link;itc:0;sec:content-canvas\">RTL<\/a>. Quand je l&rsquo;ai vu jeudi, il gardait une lueur d&rsquo;espoir. On parlait avec Audrey du fait de trouver un traitement qui pourrait le stabiliser. Mais il disait d\u00e9j\u00e0\u00a0: \u201cJe ne veux pas d&rsquo;acharnement th\u00e9rapeutique, jamais, en aucun cas.\u201d Mais il y avait encore une lueur d&rsquo;espoir.\u00a0\u00bb<\/p>\n<p class=\"mb-4 text-lg md:leading-8 break-words\">\u00c0 LIRE AUSSI <strong class=\"strong\"><a href=\"https:\/\/www.lepoint.fr\/culture\/thierry-ardisson-pour-mon-enterrement-j-ai-deja-toute-la-playlist-en-tete-09-06-2025-2591556_3.php\" rel=\"nofollow noopener\" target=\"_blank\" data-ylk=\"slk:Les derni\u00e8res confidences de Thierry Ardisson\u00a0: \u00ab\u00a0J&#039;ai essay\u00e9 de vivre ma vie au maximum\u00a0\u00bb;elm:context_link;itc:0;sec:content-canvas\" class=\"link \">Les derni\u00e8res confidences de Thierry Ardisson\u00a0: \u00ab\u00a0J&rsquo;ai essay\u00e9 de vivre ma vie au maximum\u00a0\u00bb<\/a><\/strong> Voil\u00e0 des ann\u00e9es que Thierry Ardisson \u00e9tait malade du foie, mis \u00e0 rude \u00e9preuve pendant ses ann\u00e9es de jeunesse quand il contracta\u00a0une h\u00e9patite C apr\u00e8s des exp\u00e9riences de drogues dures. Selon Paris Match, il s&rsquo;astreignait chaque ann\u00e9e \u00e0 un check-up \u00e0 l&rsquo;h\u00f4pital am\u00e9ricain de Neuilly pour contr\u00f4ler son organe et sa sant\u00e9. Mais ces derniers mois, le cancer \u00e9tait devenu trop agressif. \u00ab\u00a0\u00c7a fait des ann\u00e9es qu&rsquo;il \u00e9tait malade, Thierry, a confirm\u00e9 Laurent Baffie au\u00a0<a class=\"link \" href=\"https:\/\/www.leparisien.fr\/culture-loisirs\/tv\/mort-de-thierry-ardisson-il-est-mort-comme-un-rockeur-confie-son-ami-laurent-baffie-14-07-2025-T6FBDBT62RB5HEI4J5W6SL6NSQ.php\" rel=\"nofollow noopener\" target=\"_blank\" data-ylk=\"slk:Parisien;elm:context_link;itc:0;sec:content-canvas\">Parisien<\/a>. Il y a eu des \u00e9volutions. Jusqu&rsquo;au jour o\u00f9 il n&rsquo;y a plus eu de traitement possible. Le coup de massue, \u00e7&rsquo;a \u00e9t\u00e9 mercredi, quand on a compris que c&rsquo;\u00e9tait une questi [&#8230;] <a href=\"https:\/\/www.lepoint.fr\/people\/il-tenait-la-main-d-audrey-les-derniers-jours-de-thierry-ardisson-racontes-par-laurent-baffie-16-07-2025-2594544_2116.php\" rel=\"nofollow noopener\" target=\"_blank\" data-ylk=\"slk:Lire la suite;elm:context_link;itc:0;sec:content-canvas\" class=\"link \">Lire la suite<\/a><\/p>\n","protected":false},"excerpt":{"rendered":"Ils ont \u00e9t\u00e9 l\u00e0 jusqu&rsquo;au bout pour Thierry\u00a0: ses amis, mais surtout son \u00e9pouse, Audrey Crespo-Mara, et ses&hellip;\n","protected":false},"author":2,"featured_media":251588,"comment_status":"","ping_status":"","sticky":false,"template":"","format":"standard","meta":{"footnotes":""},"categories":[1356],"tags":[17979,58,59,1011,27,22129,7547,39184,252,10058,1364],"class_list":{"0":"post-251587","1":"post","2":"type-post","3":"status-publish","4":"format-standard","5":"has-post-thumbnail","7":"category-television","8":"tag-audrey-crespo-mara","9":"tag-divertissement","10":"tag-entertainment","11":"tag-fr","12":"tag-france","13":"tag-la-mort","14":"tag-laurent-baffie","15":"tag-lueur-despoir","16":"tag-television","17":"tag-thierry-ardisson","18":"tag-tv"},"share_on_mastodon":{"url":"https:\/\/pubeurope.com\/@fr\/114863600100875345","error":""},"_links":{"self":[{"href":"https:\/\/www.europesays.com\/fr\/wp-json\/wp\/v2\/posts\/251587","targetHints":{"allow":["GET"]}}],"collection":[{"href":"https:\/\/www.europesays.com\/fr\/wp-json\/wp\/v2\/posts"}],"about":[{"href":"https:\/\/www.europesays.com\/fr\/wp-json\/wp\/v2\/types\/post"}],"author":[{"embeddable":true,"href":"https:\/\/www.europesays.com\/fr\/wp-json\/wp\/v2\/users\/2"}],"replies":[{"embeddable":true,"href":"https:\/\/www.europesays.com\/fr\/wp-json\/wp\/v2\/comments?post=251587"}],"version-history":[{"count":0,"href":"https:\/\/www.europesays.com\/fr\/wp-json\/wp\/v2\/posts\/251587\/revisions"}],"wp:featuredmedia":[{"embeddable":true,"href":"https:\/\/www.europesays.com\/fr\/wp-json\/wp\/v2\/media\/251588"}],"wp:attachment":[{"href":"https:\/\/www.europesays.com\/fr\/wp-json\/wp\/v2\/media?parent=251587"}],"wp:term":[{"taxonomy":"category","embeddable":true,"href":"https:\/\/www.europesays.com\/fr\/wp-json\/wp\/v2\/categories?post=251587"},{"taxonomy":"post_tag","embeddable":true,"href":"https:\/\/www.europesays.com\/fr\/wp-json\/wp\/v2\/tags?post=251587"}],"curies":[{"name":"wp","href":"https:\/\/api.w.org\/{rel}","templated":true}]}}