{"id":251589,"date":"2025-07-16T15:23:19","date_gmt":"2025-07-16T15:23:19","guid":{"rendered":"https:\/\/www.europesays.com\/fr\/251589\/"},"modified":"2025-07-16T15:23:19","modified_gmt":"2025-07-16T15:23:19","slug":"comme-les-fans-de-kendrick-lamar-et-sza-personne-ne-va-echapper-a-ce-tube-de-rap-francais-cet-ete","status":"publish","type":"post","link":"https:\/\/www.europesays.com\/fr\/251589\/","title":{"rendered":"Comme les fans de Kendrick Lamar et SZA, personne ne va \u00e9chapper \u00e0 ce tube de rap fran\u00e7ais cet \u00e9t\u00e9"},"content":{"rendered":"<p>        <img decoding=\"async\" loading=\"lazy\" src=\"https:\/\/www.europesays.com\/fr\/wp-content\/uploads\/2025\/07\/9ab16f9_upload-1-oyuicmzbwekr-063-2198614061.jpg\"  width=\"728\" height=\"410\" alt=\"Kendrick Lamar et SZA, ici lors de leur show au Super Bowl, en f\u00e9vrier 2025. (Photo d\u2019illustration)\"\/>  <\/p>\n<p>JAMIE SQUIRE \/ Getty Images via AFP<\/p>\n<p>Kendrick Lamar et SZA, ici lors de leur show au Super Bowl, en f\u00e9vrier 2025. (Photo d\u2019illustration)<\/p>\n<p class=\"asset asset-text\">MUSIQUE &#8211; \u00ab\u00a0J\u2019ai sorti le Famas. J\u2019ai sorti le bazooka. Kalachnikov, \u00e0 c\u00f4t\u00e9 de moi.\u00a0\u00bb Ces paroles, les fans de Triangle des Bermudes les connaissent bien. Et elles ont r\u00e9sonn\u00e9 fort ce mardi 15\u00a0juillet dans les enceintes de <a href=\"https:\/\/www.huffingtonpost.fr\/culture\/article\/pour-son-retour-linkin-park-avec-emily-armstrong-fait-vibrer-le-public-en-concert-a-paris_241647.html\" target=\"_blank\" rel=\"noopener\">Paris La D\u00e9fense Arena<\/a>, o\u00f9 dans l\u2019attente de la venue des deux stars de la soir\u00e9e <a href=\"https:\/\/www.huffingtonpost.fr\/culture\/video\/au-super-bowl-kendrick-lamar-met-le-feu-avec-not-like-us-son-morceau-clash-contre-drake_245983.html\" target=\"_blank\" rel=\"noopener\">Kendrick Lamar<\/a> et <a href=\"https:\/\/www.huffingtonpost.fr\/culture\/article\/a-we-love-green-la-chanteuse-sza-brandit-un-drapeau-palestinien-en-plein-concert_234884.html\" target=\"_blank\" rel=\"noopener\">SZA<\/a>, a \u00e9t\u00e9 diffus\u00e9 le tube du trio intitul\u00e9 Charger.<\/p>\n<p class=\"asset asset-text\">\u00ab\u00a0Je suis morte, il fallait vraiment y assister\u00a0\u00bb, comme l\u2019a twitt\u00e9 une des spectatrices dans la foul\u00e9e. \u00ab\u00a0Je vais p\u00e9ter les plombs\u00a0\u00bb, confesse \u00e0 son tour un autre fan sur X, en l\u00e9gende d\u2019une vid\u00e9o. Le t\u00e9l\u00e9phone \u00e0 la main, il a tent\u00e9 de capter le moment. Les mouvements brusques de sa cam\u00e9ra et l\u2019instabilit\u00e9 de l\u2019image t\u00e9moignent de son enthousiasme.<\/p>\n<p class=\"asset asset-text\">Il n\u2019\u00e9tait pas le seul. D\u2019apr\u00e8s des images film\u00e9es par plusieurs m\u00e9dias, dont RAPLUME et l\u2019\u00e9dition fran\u00e7aise du magazine Billboard sur TikTok, l\u2019initiative de<strong> <\/strong>DJ Mustard qui assurait la premi\u00e8re partie a eu son petit effet, compte tenu de la montagne d\u2019\u00e9crans en mouvement tourn\u00e9s vers lui. \u00ab\u00a0Charger, charger\u00a0\u00bb, peut-on entendre la foule scander.<\/p>\n<p> La lecture de ce contenu est susceptible d\u2019entra\u00eener un d\u00e9p\u00f4t de cookies de la part de l\u2019op\u00e9rateur tiers qui l\u2019h\u00e9berge. Compte-tenu des choix que vous avez exprim\u00e9s en mati\u00e8re de d\u00e9p\u00f4t de cookies, nous avons bloqu\u00e9 l\u2019affichage de ce contenu. Si vous souhaitez y acc\u00e9der, vous devez accepter la cat\u00e9gorie de cookies \u201cContenus tiers\u201d en cliquant sur le bouton ci-dessous. <\/p>\n<p> Lire la Vid\u00e9o        <\/p>\n<p class=\"asset asset-text\">Si l\u2019artiste aux platines a r\u00e9ussi \u00e0 transformer la salle de spectacles en gigantesque bo\u00eete de nuit, ce n\u2019est pas un hasard. Le titre de seulement 2\u00a0minutes et 37\u00a0secondes est devenu en l\u2019espace de quelques semaines l\u2019un des ph\u00e9nom\u00e8nes rap de l\u2019\u00e9t\u00e9. Comme le souligne cet article de <a href=\"https:\/\/leclaireur.fnac.com\/article\/609666-triangle-des-bermudes-qui-sont-les-artistes-du-phenomene-rap\/\" target=\"_blank\" rel=\"noopener\" title=\"Nouvelle fen\u00eatre\">L\u2019\u00c9claireur<\/a>, m\u00e9dia culturel de la Fnac, les \u00e9coutes explosent.<\/p>\n<p>                     Yardland, F\u00eate de la musique, TikTok\u2026    <\/p>\n<p class=\"asset asset-text\">Sur Spotify, par exemple, l\u2019audience mensuelle de Charger est pass\u00e9e de 160\u00a0000\u00a0\u00e0 plus de 850\u00a0000, d\u2019apr\u00e8s les chiffres du mois de juillet. \u00c0 l\u2019heure o\u00f9 nous \u00e9crivons ces lignes, il a d\u00e9j\u00e0 \u00e9t\u00e9 \u00e9cout\u00e9 plus de 9,2\u00a0millions de fois sur la plateforme, tandis que Deezer dit avoir enregistr\u00e9 une hausse de plus de 50\u00a0% des streams entre les 6\u00a0et 9\u00a0juillet derniers.<\/p>\n<p class=\"asset asset-text\"><strong>D\u00e9couvrez ci-dessous le clip de Charger\u00a0:<\/strong><\/p>\n<p> La lecture de ce contenu est susceptible d\u2019entra\u00eener un d\u00e9p\u00f4t de cookies de la part de l\u2019op\u00e9rateur tiers qui l\u2019h\u00e9berge. Compte-tenu des choix que vous avez exprim\u00e9s en mati\u00e8re de d\u00e9p\u00f4t de cookies, nous avons bloqu\u00e9 l\u2019affichage de ce contenu. Si vous souhaitez y acc\u00e9der, vous devez accepter la cat\u00e9gorie de cookies \u201cContenus tiers\u201d en cliquant sur le bouton ci-dessous. <\/p>\n<p> Lire la Vid\u00e9o              <\/p>\n<p class=\"asset asset-text\">Une observation qui co\u00efncide avec la fin de Yardland, festival de hip-hop dont la deuxi\u00e8me \u00e9dition s\u2019est tenue du 4\u00a0au 6\u00a0juillet \u00e0 l\u2019hippodrome de Vincennes. Triangle des Bermudes, qui y \u00e9tait programm\u00e9 sur une sc\u00e8ne secondaire apr\u00e8s <a href=\"https:\/\/www.huffingtonpost.fr\/culture\/video\/tiakola-la-revelation-des-victoires-de-la-musique-dont-vous-allez-entendre-parler_213874.html\" target=\"_blank\" rel=\"noopener\">Tiakola<\/a>, a cr\u00e9\u00e9 la surprise lors du deuxi\u00e8me jour.<\/p>\n<p class=\"asset asset-text\">Leur son de ralliement, raconte Konbini pr\u00e9sent sur les lieux, a plong\u00e9 les festivaliers \u00ab\u00a0dans une joie r\u00e9gressive de crier fort des paroles simples et martiales\u00a0\u00bb. \u00ab\u00a0Il ne faut pas chercher plus loin, le peuple a envie de faire la f\u00eate, et par les temps qui courent tout le monde semble avoir bien besoin de d\u00e9charger sa col\u00e8re et ses frustrations\u00a0\u00bb, commente la journaliste sur des images de la foule en liesse, comme vous pouvez le voir ci-dessous.<\/p>\n<p> La lecture de ce contenu est susceptible d\u2019entra\u00eener un d\u00e9p\u00f4t de cookies de la part de l\u2019op\u00e9rateur tiers qui l\u2019h\u00e9berge. Compte-tenu des choix que vous avez exprim\u00e9s en mati\u00e8re de d\u00e9p\u00f4t de cookies, nous avons bloqu\u00e9 l\u2019affichage de ce contenu. Si vous souhaitez y acc\u00e9der, vous devez accepter la cat\u00e9gorie de cookies \u201cContenus tiers\u201d en cliquant sur le bouton ci-dessous. <\/p>\n<p> Lire la Vid\u00e9o        <\/p>\n<p class=\"asset asset-text\">Un point de vue partag\u00e9 par de nombreux internautes, dont <a href=\"https:\/\/www.huffingtonpost.fr\/culture\/article\/bilal-hassani-devient-animateur-radio-sur-mouv-avec-l-emission-song-id_238882.html\" target=\"_blank\" rel=\"noopener\">Bilal Hassani<\/a> qui a comment\u00e9 la vid\u00e9o explicative d\u2019un simple \u00ab\u00a0brrrrrr-ah\u00a0\u00bb. Clin d\u2019\u0153il aux paroles du tube des trois artistes que le chanteur de 25\u00a0ans a lui-m\u00eame repris devant sa cam\u00e9ra \u00e0 la fa\u00e7on d\u2019une balade.<\/p>\n<p>    Charger, parmi les clips les plus vus sur YouTube    <\/p>\n<p class=\"asset asset-text\">Sur TikTok, dans les rues de Paris pendant la F\u00eate de la musique ou m\u00eame \u00e0 Bruxelles o\u00f9 des policiers ont \u00e9t\u00e9 aper\u00e7us en train de danser aux c\u00f4t\u00e9s du public du festival Afrodisiac, le morceau est partout. Son \u00e9mergence ne tient pas vraiment du hasard, compte tenu des cartons qu\u2019encha\u00eenent les membres de Triangle des Bermudes (MC Yoshi, Mauvais Djo et Kokosvoice) depuis leur \u00e9mergence en 2024.<\/p>\n<p> La lecture de ce contenu est susceptible d\u2019entra\u00eener un d\u00e9p\u00f4t de cookies de la part de l\u2019op\u00e9rateur tiers qui l\u2019h\u00e9berge. Compte-tenu des choix que vous avez exprim\u00e9s en mati\u00e8re de d\u00e9p\u00f4t de cookies, nous avons bloqu\u00e9 l\u2019affichage de ce contenu. Si vous souhaitez y acc\u00e9der, vous devez accepter la cat\u00e9gorie de cookies \u201cContenus tiers\u201d en cliquant sur le bouton ci-dessous. <\/p>\n<p> Lire la Vid\u00e9o        <\/p>\n<p class=\"asset asset-text\">Comme sur Lunettes, titre sorti en avril\u00a02024 (10,3\u00a0millions d\u2019\u00e9coutes sur Spotify), Charger repose sur un rythme saccad\u00e9, \u00e9nergique et dansant, et des paroles qui savent capter l\u2019attention. Son clip, inspir\u00e9 du jeu vid\u00e9o Call of Duty, a d\u00e9pass\u00e9 les 3,6\u00a0millions de vues, au point d\u2019\u00eatre entr\u00e9 dans le top 100 des vid\u00e9os musicales les plus populaires de la semaine sur YouTube \u00e0 la 40e place.<\/p>\n<p class=\"asset asset-text\">Leur succ\u00e8s fulgurant ne va tr\u00e8s certainement pas s\u2019arr\u00eater l\u00e0. Les trois stars de l\u2019\u00e9t\u00e9 doivent encha\u00eener une s\u00e9rie de dates en \u00cele-de-France, dont une \u00e0 Paris au Wanderlust ce vendredi, puis une autre dans la suite du mois de juillet \u00e0 Chilly-Mazarin. Pour Triangle des Bermudes, l\u2019heure n\u2019est pas venue de d\u00e9charger.<\/p>\n","protected":false},"excerpt":{"rendered":"JAMIE SQUIRE \/ Getty Images via AFP Kendrick Lamar et SZA, ici lors de leur show au Super&hellip;\n","protected":false},"author":2,"featured_media":251590,"comment_status":"","ping_status":"","sticky":false,"template":"","format":"standard","meta":{"footnotes":""},"categories":[1355],"tags":[251,58,59,1011,27,28055,1361,873,3616],"class_list":{"0":"post-251589","1":"post","2":"type-post","3":"status-publish","4":"format-standard","5":"has-post-thumbnail","7":"category-musique","8":"tag-culture","9":"tag-divertissement","10":"tag-entertainment","11":"tag-fr","12":"tag-france","13":"tag-kendrick-lamar","14":"tag-music","15":"tag-musique","16":"tag-rap"},"share_on_mastodon":{"url":"https:\/\/pubeurope.com\/@fr\/114863604051997542","error":""},"_links":{"self":[{"href":"https:\/\/www.europesays.com\/fr\/wp-json\/wp\/v2\/posts\/251589","targetHints":{"allow":["GET"]}}],"collection":[{"href":"https:\/\/www.europesays.com\/fr\/wp-json\/wp\/v2\/posts"}],"about":[{"href":"https:\/\/www.europesays.com\/fr\/wp-json\/wp\/v2\/types\/post"}],"author":[{"embeddable":true,"href":"https:\/\/www.europesays.com\/fr\/wp-json\/wp\/v2\/users\/2"}],"replies":[{"embeddable":true,"href":"https:\/\/www.europesays.com\/fr\/wp-json\/wp\/v2\/comments?post=251589"}],"version-history":[{"count":0,"href":"https:\/\/www.europesays.com\/fr\/wp-json\/wp\/v2\/posts\/251589\/revisions"}],"wp:featuredmedia":[{"embeddable":true,"href":"https:\/\/www.europesays.com\/fr\/wp-json\/wp\/v2\/media\/251590"}],"wp:attachment":[{"href":"https:\/\/www.europesays.com\/fr\/wp-json\/wp\/v2\/media?parent=251589"}],"wp:term":[{"taxonomy":"category","embeddable":true,"href":"https:\/\/www.europesays.com\/fr\/wp-json\/wp\/v2\/categories?post=251589"},{"taxonomy":"post_tag","embeddable":true,"href":"https:\/\/www.europesays.com\/fr\/wp-json\/wp\/v2\/tags?post=251589"}],"curies":[{"name":"wp","href":"https:\/\/api.w.org\/{rel}","templated":true}]}}