{"id":251596,"date":"2025-07-16T15:27:12","date_gmt":"2025-07-16T15:27:12","guid":{"rendered":"https:\/\/www.europesays.com\/fr\/251596\/"},"modified":"2025-07-16T15:27:12","modified_gmt":"2025-07-16T15:27:12","slug":"avec-deux-femmes-les-confessions-sont-differentes-constate-louise","status":"publish","type":"post","link":"https:\/\/www.europesays.com\/fr\/251596\/","title":{"rendered":"\u00ab\u00a0Avec deux femmes, les confessions sont diff\u00e9rentes\u00a0\u00bb, constate Louise"},"content":{"rendered":"<p>Est-ce qu\u2019en\u00a02025, deux femmes peuvent partir nues, en toute s\u00e9curit\u00e9, sans <a href=\"https:\/\/www.20minutes.fr\/dossier\/argent\" class=\"color-ultramarine c-link\" target=\"_blank\" rel=\"noopener\">argent<\/a>, relever des d\u00e9fis fous, et vivre cette exp\u00e9rience avec la m\u00eame fluidit\u00e9 que Nans et Mouts, leurs homologues masculins\u00a0? Telle est la question qui se pose avant le lancement du premier des trois \u00e9pisodes estivaux de \u00ab\u00a0Nues et culott\u00e9es\u00a0\u00bb, diffus\u00e9 ce mercredi \u00e0 20h55 sur <a href=\"https:\/\/www.20minutes.fr\/television\/france_5\/\" class=\"color-ultramarine c-link\" target=\"_blank\" rel=\"noopener\">France 5<\/a>. Pour 20 Minutes, Zo\u00e9 et Louise se livrent sur leurs parcours de femmes, leurs go\u00fbts pour le voyage et leurs envies.<\/p>\n<p>Zo\u00e9 et Louise, pr\u00e9sentez-vous\u2026<\/p>\n<p>Zo\u00e9\u00a0: Je m\u2019appelle Zo\u00e9, 37 ans. J\u2019ai grandi au sein d\u2019une compagnie de <a href=\"https:\/\/www.20minutes.fr\/dossier\/theatre\" class=\"color-ultramarine c-link\" target=\"_blank\" rel=\"noopener\">th\u00e9\u00e2tre<\/a> itin\u00e9rante. Puis, avec ma famille, on s\u2019est s\u00e9dentaris\u00e9 et je suis rentr\u00e9 au coll\u00e8ge o\u00f9 j\u2019ai rencontr\u00e9 Louise. On a tr\u00e8s vite eu soif d\u2019<a href=\"https:\/\/www.20minutes.fr\/dossier\/aventure\" class=\"color-ultramarine c-link\" target=\"_blank\" rel=\"noopener\">aventure<\/a>. Je suis devenue par la suite prof de th\u00e9\u00e2tre.<\/p>\n<p>Louise\u00a0: Je suis Louise, 37 ans. J\u2019ai fait des \u00e9tudes afin de devenir professeur de Fran\u00e7ais pour les \u00e9trangers. J\u2019ai choisi ce cursus pour voyager. Au coll\u00e8ge, on a v\u00e9cu un coup de foudre amical avec Zo\u00e9. On a tr\u00e8s vite fait plein de choses ensemble.<\/p>\n<blockquote class=\"mx-m@xs mx-xxl@md color-ultramarine c-citation\">\n<p class=\"font-weight-regular@xs text-italic font-source-serif-pro text-l@xs c-citation__content\">\u00ab\u00a0Au tout d\u00e9but de notre amiti\u00e9, on avait fait une tourn\u00e9e en roulotte d\u2019un spectacle de marionnettes, puis de longues randonn\u00e9es nomades, avant de se lancer dans le Paris-T\u00e9h\u00e9ran.\u00a0\u00bb<\/p>\n<\/blockquote>\n<p>A quel moment est n\u00e9 votre go\u00fbt du <a href=\"https:\/\/www.20minutes.fr\/voyage\/\" class=\"color-ultramarine c-link\" target=\"_blank\" rel=\"noopener\">voyage<\/a> et du vagabondage\u00a0?<\/p>\n<p>L\u00a0: D\u00e8s ma naissance, mes parents sont partis du nord de la France en roulotte. Quelque part, le voyage et le vagabondage sont inscrits en moi. J\u2019ai aussi grandi avec les r\u00e9cits de voyage de ma famille.<\/p>\n<p>Z\u00a0: Je suis n\u00e9e \u00e0 <a href=\"https:\/\/www.20minutes.fr\/dossier\/washington\" class=\"color-ultramarine c-link\" target=\"_blank\" rel=\"noopener\">Washington<\/a> (Etats-Unis). D\u00e8s l\u2019\u00e2ge de 2 ans, je suis partie sur les routes. Quand on se d\u00e9pla\u00e7ait, on d\u00e9couvrait des paysages, mais aussi l\u2019autre. C\u2019\u00e9tait tr\u00e8s fort dans mon <a href=\"https:\/\/www.20minutes.fr\/dossier\/education\" class=\"color-ultramarine c-link\" target=\"_blank\" rel=\"noopener\">\u00e9ducation<\/a>.<\/p>\n<p>Racontez-nous l\u2019un de vos premiers p\u00e9riples\u2026<\/p>\n<p>L\u00a0: Il y a quelques ann\u00e9es, on est parties pour six mois dans l\u2019id\u00e9e de rejoindre <a href=\"https:\/\/www.20minutes.fr\/monde\/teheran\/\" class=\"color-ultramarine c-link\" target=\"_blank\" rel=\"noopener\">T\u00e9h\u00e9ran<\/a> (Iran) en partant de Paris, et ce, par voie terrestre, en passant par les <a href=\"https:\/\/www.20minutes.fr\/dossier\/balkans\" class=\"color-ultramarine c-link\" target=\"_blank\" rel=\"noopener\">Balkans<\/a>. Puis, il y a eu le <a href=\"https:\/\/www.20minutes.fr\/societe\/covid-19\/\" class=\"color-ultramarine c-link\" target=\"_blank\" rel=\"noopener\">Covid<\/a>, et on a d\u00fb s\u2019arr\u00eater \u00e0 <a href=\"https:\/\/www.20minutes.fr\/monde\/istanbul\/\" class=\"color-ultramarine c-link\" target=\"_blank\" rel=\"noopener\">Istanbul<\/a> (Turquie). A ce moment-l\u00e0, on voyageait non pas en touristes, mais en proposant quelque chose en \u00e9change du g\u00eete et du couvert. On n\u2019a pas film\u00e9 ce voyage.<\/p>\n<p>Z\u00a0: Oui, et on n\u2019a pas partag\u00e9 cette aventure non plus sur les <a href=\"https:\/\/www.20minutes.fr\/dossier\/reseaux_sociaux\" class=\"color-ultramarine c-link\" target=\"_blank\" rel=\"noopener\">r\u00e9seaux sociaux<\/a>, mais juste avec nos proches. Au tout d\u00e9but de notre amiti\u00e9, on avait fait une tourn\u00e9e en roulotte d\u2019un spectacle de marionnettes, puis de longues randonn\u00e9es nomades, avant de se lancer dans le Paris-T\u00e9h\u00e9ran.<\/p>\n<p>Quel \u00e9tait votre rapport \u00e0 \u00ab\u00a0Nus et culott\u00e9s\u00a0\u00bb\u00a0?<\/p>\n<p>L\u00a0: Ni l\u2019une ni l\u2019autre ne connaissions l\u2019\u00e9mission. Je l\u2019ai vu par hasard chez ma m\u00e8re, \u00e0 l\u2019\u00e9t\u00e9\u00a02023. Je vois Nans et Mouts toquer aux portes pour chercher l\u2019h\u00e9bergement, faire des blagues\u2026 \u00c7a m\u2019a fait penser \u00e0 nos voyages. Trois semaines plus tard, une amie relaie une publication Facebook. C\u2019\u00e9tait un appel de Nans et Mouts afin de trouver un bin\u00f4me f\u00e9minin. On leur a envoy\u00e9 notre film. Puis, on les a rencontr\u00e9es. Ils nous ont propos\u00e9 de repartir en voyage, en allant plus loin, notamment dans la r\u00e9alisation. Le film qu\u2019on avait envoy\u00e9 \u00e9tait de tr\u00e8s mauvaise qualit\u00e9, on l\u2019avait fait avec nos t\u00e9l\u00e9phones. Enfin, ils nous ont propos\u00e9 de continuer ensemble.<\/p>\n<p>Quels ont \u00e9t\u00e9 les conseils de Nans et Mouts\u00a0?<\/p>\n<p>Z\u00a0: On a fait pas mal de visios avec les monteurs, Nans et Mouts. Ils nous ont dit de faire attention \u00e0 l\u2019utilisation de la cam\u00e9ra. Ils nous ont accompagn\u00e9s aussi bien techniquement que psychiquement. Ils nous ont donn\u00e9 de nombreux tips.<\/p>\n<p>Qu\u2019est-ce que \u00e7a change, selon vous, que \u00ab\u00a0Nus et culott\u00e9s\u00a0\u00bb se conjugue au f\u00e9minin\u00a0?<\/p>\n<p>Z\u00a0: C\u2019est important de montrer que les femmes peuvent partir comme les hommes \u00e0 l\u2019aventure, avec les m\u00eames principes et les m\u00eames conditions. La diff\u00e9rence ne repose pas sur le genre, mais sur les personnes. Nans et Mouts ont leur personnalit\u00e9 et leur bin\u00f4me, on a les n\u00f4tres. Lors des voyages, on se pose davantage la question de l\u2019ins\u00e9curit\u00e9, notamment quand le soir arrive. Par exemple, on demande l\u2019h\u00e9bergement un peu plus t\u00f4t que les gar\u00e7ons, bien avant la nuit.<\/p>\n<p>L\u00a0: La vision des gens qui nous accueillent change aussi. Les confessions sont diff\u00e9rentes. Dans l\u2019\u00e9pisode de l\u2019\u00eele de Sein [diffus\u00e9 ce mercredi], on rencontre un groupe de femmes dont l\u2019une qui se confie sur les abus qu\u2019elle a subis.<\/p>\n<p>Avez-vous senti des approches inappropri\u00e9es \u00e0 votre \u00e9gard dans \u00ab\u00a0Nues et culott\u00e9es\u00a0\u00bb\u00a0?<\/p>\n<p>Z\u00a0: On a pas mal voyag\u00e9 ensemble et on a r\u00e9ussi \u00e0 mettre en place un \u00ab\u00a0double radar\u00a0\u00bb. Quand on croise un groupe que l\u2019on ne sent pas, l\u2019une se plie toujours \u00e0 l\u2019intuition de l\u2019autre. Ainsi, l\u2019une ne va pas demander l\u2019h\u00e9bergement, mais va poser une autre question. On va demander une autre information, par exemple, on dit \u00ab\u00a0On cherche La Poste\u00a0\u00bb. Mais la grande majorit\u00e9 des gens sont bienveillants.<\/p>\n<p>L\u00a0: Ce n\u2019est arriv\u00e9 que deux ou trois fois. C\u2019est au feeling aussi. On d\u00e9tourne, en effet, le sujet sur autre chose pour \u00e9viter tout probl\u00e8me ou des malentendus.<\/p>\n<p>Est-ce que vous vous \u00eates pris la t\u00eate lors de vos voyages sur France 5\u00a0?<\/p>\n<p>Z\u00a0: Bien s\u00fbr. On est dans l\u2019incertitude permanente, entre la nourriture et le <a href=\"https:\/\/www.20minutes.fr\/dossier\/sommeil\" class=\"color-ultramarine c-link\" target=\"_blank\" rel=\"noopener\">sommeil<\/a>. \u00c7a demande un ajustement car, par exemple, on n\u2019a pas faim au m\u00eame moment. Parfois, on est dans l\u2019inconfort et \u00e7a titille notre bin\u00f4me, mais on a pass\u00e9 un cap, m\u00eame apr\u00e8s vingt-cinq ans d\u2019amiti\u00e9.<\/p>\n<\/p>\n<p>Qu\u2019est-ce que vous avez appris l\u2019une de l\u2019autre\u00a0?<\/p>\n<p>L\u00a0: Avec \u00ab\u00a0Nues et culott\u00e9es\u00a0\u00bb, j\u2019ai d\u00e9couvert Zo\u00e9 sur un aspect professionnel. Elle est tr\u00e8s organis\u00e9e et scolaire sur certains points, diff\u00e9rents des miens. Parfois, elle peut \u00eatre plus impulsive, surtout quand elle a faim.<\/p>\n<p>Z\u00a0: Je me suis entra\u00een\u00e9e \u00e0 accepter la faim sur le troisi\u00e8me \u00e9pisode (rires).<\/p>\n<p>A quoi va devoir s\u2019attendre le public, ce mercredi soir, entre Broc\u00e9liande et l\u2019\u00eele de Sein\u00a0?<\/p>\n<p>L\u00a0: On a pour dessein de rejoindre une extr\u00e9mit\u00e9 forte, \u00e0 l\u2019Ouest, dans l\u2019objectif de r\u00e9aliser une sculpture de sable avec des personnes qui nous ont aid\u00e9es sur notre route. C\u2019\u00e9tait tr\u00e8s important de partager cet objectif pour ce premier \u00e9pisode de l\u2019\u00eele de Sein. Apr\u00e8s, je n\u2019en dirais pas plus sur la travers\u00e9e vers l\u2019\u00eele\u2026<\/p>\n","protected":false},"excerpt":{"rendered":"Est-ce qu\u2019en\u00a02025, deux femmes peuvent partir nues, en toute s\u00e9curit\u00e9, sans argent, relever des d\u00e9fis fous, et vivre&hellip;\n","protected":false},"author":2,"featured_media":251597,"comment_status":"","ping_status":"","sticky":false,"template":"","format":"standard","meta":{"footnotes":""},"categories":[8],"tags":[251,58,4739,59,7713,4688,1011,27,4467,1393,252,586],"class_list":{"0":"post-251596","1":"post","2":"type-post","3":"status-publish","4":"format-standard","5":"has-post-thumbnail","7":"category-divertissement","8":"tag-culture","9":"tag-divertissement","10":"tag-emission-de-television","11":"tag-entertainment","12":"tag-escapade","13":"tag-facebook","14":"tag-fr","15":"tag-france","16":"tag-france-5","17":"tag-loisirs","18":"tag-television","19":"tag-voyage"},"share_on_mastodon":{"url":"https:\/\/pubeurope.com\/@fr\/114863619603696981","error":""},"_links":{"self":[{"href":"https:\/\/www.europesays.com\/fr\/wp-json\/wp\/v2\/posts\/251596","targetHints":{"allow":["GET"]}}],"collection":[{"href":"https:\/\/www.europesays.com\/fr\/wp-json\/wp\/v2\/posts"}],"about":[{"href":"https:\/\/www.europesays.com\/fr\/wp-json\/wp\/v2\/types\/post"}],"author":[{"embeddable":true,"href":"https:\/\/www.europesays.com\/fr\/wp-json\/wp\/v2\/users\/2"}],"replies":[{"embeddable":true,"href":"https:\/\/www.europesays.com\/fr\/wp-json\/wp\/v2\/comments?post=251596"}],"version-history":[{"count":0,"href":"https:\/\/www.europesays.com\/fr\/wp-json\/wp\/v2\/posts\/251596\/revisions"}],"wp:featuredmedia":[{"embeddable":true,"href":"https:\/\/www.europesays.com\/fr\/wp-json\/wp\/v2\/media\/251597"}],"wp:attachment":[{"href":"https:\/\/www.europesays.com\/fr\/wp-json\/wp\/v2\/media?parent=251596"}],"wp:term":[{"taxonomy":"category","embeddable":true,"href":"https:\/\/www.europesays.com\/fr\/wp-json\/wp\/v2\/categories?post=251596"},{"taxonomy":"post_tag","embeddable":true,"href":"https:\/\/www.europesays.com\/fr\/wp-json\/wp\/v2\/tags?post=251596"}],"curies":[{"name":"wp","href":"https:\/\/api.w.org\/{rel}","templated":true}]}}