{"id":251598,"date":"2025-07-16T15:29:29","date_gmt":"2025-07-16T15:29:29","guid":{"rendered":"https:\/\/www.europesays.com\/fr\/251598\/"},"modified":"2025-07-16T15:29:29","modified_gmt":"2025-07-16T15:29:29","slug":"voici-la-bombe-ecologique-de-spacex-incidents-repetes-ecosystemes-menaces-et-une-colere-internationale-qui-reclame-des-mesures-drastiques","status":"publish","type":"post","link":"https:\/\/www.europesays.com\/fr\/251598\/","title":{"rendered":"Voici la bombe \u00e9cologique de SpaceX : incidents r\u00e9p\u00e9t\u00e9s, \u00e9cosyst\u00e8mes menac\u00e9s et une col\u00e8re internationale qui r\u00e9clame des mesures drastiques"},"content":{"rendered":"<tr>\n<td><strong>EN BREF<\/strong><\/td>\n<\/tr>\n<tr>\n<td>\n<ul>\n<li>\ud83d\ude80 L\u2019explosion d\u2019un prototype de fus\u00e9e Starship de SpaceX au Texas soul\u00e8ve des pr\u00e9occupations <strong>environnementales<\/strong> au-del\u00e0 des fronti\u00e8res am\u00e9ricaines.<\/li>\n<li>\ud83c\udf0d Le gouvernement mexicain envisage des actions <strong>juridiques<\/strong>, \u00e9voquant une possible violation du droit international en mati\u00e8re de protection de l\u2019environnement.<\/li>\n<li>\ud83d\udd25 Les incidents r\u00e9p\u00e9t\u00e9s de SpaceX alimentent les inqui\u00e9tudes concernant les <strong>impacts \u00e9cologiques<\/strong> sur les \u00e9cosyst\u00e8mes sensibles et les communaut\u00e9s locales.<\/li>\n<li>\ud83d\udcca Les efforts de SpaceX pour r\u00e9duire son empreinte \u00e9cologique sont jug\u00e9s insuffisants, appelant \u00e0 des <strong>protocoles de s\u00e9curit\u00e9<\/strong> renforc\u00e9s et une meilleure collaboration internationale.<\/li>\n<\/ul>\n<\/td>\n<\/tr>\n<p>L\u2019explosion r\u00e9cente d\u2019un prototype de fus\u00e9e Starship au Texas a attir\u00e9 l\u2019attention bien au-del\u00e0 des fronti\u00e8res am\u00e9ricaines. Cet \u00e9v\u00e9nement a suscit\u00e9 des inqui\u00e9tudes au Mexique, o\u00f9 le gouvernement envisage des actions juridiques contre SpaceX, citant des pr\u00e9occupations environnementales potentielles. Les autorit\u00e9s mexicaines remettent en question les assurances de SpaceX selon lesquelles l\u2019incident ne pr\u00e9sente aucun risque pour les zones environnantes. Cette situation met en lumi\u00e8re les tensions entre l\u2019innovation technologique et la protection de l\u2019environnement, un sujet de d\u00e9bat croissant \u00e0 l\u2019\u00e9chelle mondiale.<\/p>\n<p>Les cons\u00e9quences environnementales des explosions de fus\u00e9es<\/p>\n<p>L\u2019incident survenu \u00e0 Boca Chica Beach a raviv\u00e9 les pr\u00e9occupations concernant les impacts environnementaux des tests de fus\u00e9es. Cette zone est un \u00e9cosyst\u00e8me fragile, abritant des esp\u00e8ces prot\u00e9g\u00e9es, et l\u2019explosion a soulev\u00e9 des questions sur l\u2019\u00e9valuation des risques par SpaceX. Des associations environnementales avaient d\u00e9j\u00e0 critiqu\u00e9 la Federal Aviation Administration (FAA) pour sa gestion des impacts \u00e9cologiques des lancements. L\u2019incident r\u00e9cent ne fait qu\u2019amplifier ces inqui\u00e9tudes, mettant en exergue la n\u00e9cessit\u00e9 de protocoles de s\u00e9curit\u00e9 plus rigoureux.<\/p>\n<p>Les d\u00e9bris projet\u00e9s lors des explosions peuvent causer des d\u00e9g\u00e2ts significatifs sur les habitats naturels. Les t\u00e9moignages de riverains, comparant les secousses \u00e0 un tremblement de terre, soulignent un sentiment d\u2019ins\u00e9curit\u00e9 persistant. Ces \u00e9l\u00e9ments mettent en question la capacit\u00e9 de SpaceX \u00e0 g\u00e9rer efficacement les impacts environnementaux de ses activit\u00e9s.<\/p>\n<blockquote class=\"wp-embedded-content\" data-secret=\"n6xnU23eBV\">\n<p><a href=\"https:\/\/www.innovant.fr\/2025\/07\/04\/jai-vu-des-pieuvres-sentre-tuer-dans-des-bacs-la-premiere-ferme-a-pieuvres-au-monde-scandalise-la-communaute-scientifique\/\" rel=\"nofollow noopener\" target=\"_blank\">\u00ab J\u2019ai vu des pieuvres s\u2019entre-tuer dans des bacs \u00bb : la premi\u00e8re ferme \u00e0 pieuvres au monde scandalise la communaut\u00e9 scientifique<\/a><\/p>\n<\/blockquote>\n<p>La r\u00e9ponse du Mexique face aux risques transfrontaliers<\/p>\n<p>La proximit\u00e9 de la plateforme de lancement de SpaceX avec la fronti\u00e8re mexicaine a conduit le gouvernement mexicain \u00e0 envisager des actions juridiques. Les autorit\u00e9s mexicaines estiment que l\u2019explosion pourrait constituer une violation du droit international en mati\u00e8re de protection de l\u2019environnement. <strong>Le Mexique s\u2019inqui\u00e8te de l\u2019impact potentiel sur son territoire<\/strong>, notamment en raison des retomb\u00e9es de d\u00e9bris et de la pollution atmosph\u00e9rique.<\/p>\n<p>Cette situation souligne les d\u00e9fis pos\u00e9s par les activit\u00e9s spatiales transfrontali\u00e8res et la n\u00e9cessit\u00e9 d\u2019une coop\u00e9ration internationale pour r\u00e9glementer les impacts environnementaux. Le Mexique pourrait chercher \u00e0 collaborer avec d\u2019autres pays affect\u00e9s par les lancements de SpaceX pour renforcer les normes de s\u00e9curit\u00e9 et de protection de l\u2019environnement.<\/p>\n<blockquote class=\"wp-embedded-content\" data-secret=\"plZrgEFJ87\">\n<p><a href=\"https:\/\/www.innovant.fr\/2025\/07\/01\/tension-maximale-au-turkmenistan-la-legendaire-porte-de-lenfer-menace-de-seteindre-apres-des-decennies-de-combustion-ininterrompue\/\" rel=\"nofollow noopener\" target=\"_blank\">Tension maximale au Turkm\u00e9nistan : la l\u00e9gendaire Porte de l\u2019Enfer menace de s\u2019\u00e9teindre apr\u00e8s des d\u00e9cennies de combustion ininterrompue<\/a><\/p>\n<\/blockquote>\n<p>Les efforts de SpaceX pour limiter son impact \u00e9cologique<\/p>\n<p>SpaceX met en avant plusieurs initiatives pour r\u00e9duire son empreinte \u00e9cologique. Ses moteurs Raptor, utilisant du m\u00e9thane liquide, sont cens\u00e9s \u00eatre moins polluants que les carburants traditionnels. L\u2019entreprise travaille \u00e9galement sur des syst\u00e8mes de r\u00e9cup\u00e9ration et de r\u00e9utilisation de ses lanceurs, visant \u00e0 minimiser les d\u00e9chets spatiaux.<\/p>\n<p><img decoding=\"async\" src=\"https:\/\/www.europesays.com\/fr\/wp-content\/uploads\/2025\/07\/le-mexique-en-croisade-contre-spacex-ce-conflit-juridique-explosif-pour-pollution-menace-lavenir-des.jpeg\" alt=\"\"\/><\/p>\n<p>Toutefois, les incidents comme l\u2019explosion r\u00e9cente montrent que ces efforts ne sont pas suffisants pour \u00e9liminer les risques environnementaux. SpaceX doit renforcer ses protocoles de s\u00e9curit\u00e9 et de nettoyage, tout en collaborant \u00e9troitement avec les autorit\u00e9s locales et les organisations de protection de la nature. Ces mesures sont essentielles pour att\u00e9nuer les impacts n\u00e9gatifs de ses activit\u00e9s sur l\u2019environnement.<\/p>\n<blockquote class=\"wp-embedded-content\" data-secret=\"GT6GgzGYob\">\n<p><a href=\"https:\/\/www.innovant.fr\/2025\/04\/10\/oui-jai-achete-50-avis-google-et-mon-chiffre-daffaires-a-double-la-methode-hallucinante-dacheter-des-fans-com-pour-la-reputation-en-ligne-sur-google\/\" rel=\"nofollow noopener\" target=\"_blank\">\u00ab Oui, j\u2019ai achet\u00e9 50 avis Google et mon chiffre d\u2019affaires a doubl\u00e9 \u00bb : la m\u00e9thode hallucinante d\u2019Acheter-des-Fans.com pour la r\u00e9putation en ligne sur Google<\/a><\/p>\n<\/blockquote>\n<p>Les d\u00e9fis de la r\u00e9glementation de la pollution spatiale<\/p>\n<p>La pollution spatiale, incluant les gaz, particules et d\u00e9bris, pr\u00e9sente un d\u00e9fi majeur pour les r\u00e9gulateurs. Les lancements de fus\u00e9es lib\u00e8rent des compos\u00e9s persistants dans l\u2019atmosph\u00e8re, contaminant potentiellement l\u2019air, l\u2019eau et les sols. Les nuisances sonores et les vibrations d\u00e9rangent \u00e9galement la faune locale, surtout dans les zones proches des bases de lancement.<\/p>\n<p>Les effets \u00e0 long terme de ces perturbations restent mal compris, ce qui souligne la n\u00e9cessit\u00e9 de r\u00e9glementations plus strictes et d\u2019\u00e9tudes d\u2019impact approfondies. <strong>Comment concilier le progr\u00e8s technologique et la pr\u00e9servation de notre environnement ?<\/strong> Cette question reste au c\u0153ur des d\u00e9bats sur l\u2019avenir des activit\u00e9s spatiales.<\/p>\n<p>Alors que SpaceX repousse les limites de l\u2019exploration spatiale, des questions cruciales se posent sur la mani\u00e8re de g\u00e9rer les impacts environnementaux de ses activit\u00e9s. Les tensions entre innovation et protection de l\u2019environnement exigent une r\u00e9flexion approfondie et une collaboration internationale. Comment les nations et les entreprises peuvent-elles travailler ensemble pour garantir un avenir durable tout en poursuivant leurs ambitions technologiques ?<\/p>\n<p>L\u2019auteur s\u2019est appuy\u00e9 sur l\u2019intelligence artificielle pour enrichir cet article.<\/p>\n<p id=\"rating\">\u00c7a vous a plu ?\u00a04.5\/5 (26)<\/p>\n","protected":false},"excerpt":{"rendered":"EN BREF \ud83d\ude80 L\u2019explosion d\u2019un prototype de fus\u00e9e Starship de SpaceX au Texas soul\u00e8ve des pr\u00e9occupations environnementales au-del\u00e0&hellip;\n","protected":false},"author":2,"featured_media":251599,"comment_status":"","ping_status":"","sticky":false,"template":"","format":"standard","meta":{"footnotes":""},"categories":[7],"tags":[1011,27,43,40,41,39,42,44],"class_list":{"0":"post-251598","1":"post","2":"type-post","3":"status-publish","4":"format-standard","5":"has-post-thumbnail","7":"category-sciences-et-technologies","8":"tag-fr","9":"tag-france","10":"tag-science","11":"tag-science-and-technology","12":"tag-sciences","13":"tag-sciences-et-technologies","14":"tag-technologies","15":"tag-technology"},"share_on_mastodon":{"url":"https:\/\/pubeurope.com\/@fr\/114863627587410099","error":""},"_links":{"self":[{"href":"https:\/\/www.europesays.com\/fr\/wp-json\/wp\/v2\/posts\/251598","targetHints":{"allow":["GET"]}}],"collection":[{"href":"https:\/\/www.europesays.com\/fr\/wp-json\/wp\/v2\/posts"}],"about":[{"href":"https:\/\/www.europesays.com\/fr\/wp-json\/wp\/v2\/types\/post"}],"author":[{"embeddable":true,"href":"https:\/\/www.europesays.com\/fr\/wp-json\/wp\/v2\/users\/2"}],"replies":[{"embeddable":true,"href":"https:\/\/www.europesays.com\/fr\/wp-json\/wp\/v2\/comments?post=251598"}],"version-history":[{"count":0,"href":"https:\/\/www.europesays.com\/fr\/wp-json\/wp\/v2\/posts\/251598\/revisions"}],"wp:featuredmedia":[{"embeddable":true,"href":"https:\/\/www.europesays.com\/fr\/wp-json\/wp\/v2\/media\/251599"}],"wp:attachment":[{"href":"https:\/\/www.europesays.com\/fr\/wp-json\/wp\/v2\/media?parent=251598"}],"wp:term":[{"taxonomy":"category","embeddable":true,"href":"https:\/\/www.europesays.com\/fr\/wp-json\/wp\/v2\/categories?post=251598"},{"taxonomy":"post_tag","embeddable":true,"href":"https:\/\/www.europesays.com\/fr\/wp-json\/wp\/v2\/tags?post=251598"}],"curies":[{"name":"wp","href":"https:\/\/api.w.org\/{rel}","templated":true}]}}