{"id":25160,"date":"2025-04-14T20:47:17","date_gmt":"2025-04-14T20:47:17","guid":{"rendered":"https:\/\/www.europesays.com\/fr\/25160\/"},"modified":"2025-04-14T20:47:17","modified_gmt":"2025-04-14T20:47:17","slug":"150-courageux-a-larrivee-de-la-course-la-plus-courte-au-monde","status":"publish","type":"post","link":"https:\/\/www.europesays.com\/fr\/25160\/","title":{"rendered":"150 courageux \u00e0 l&rsquo;arriv\u00e9e de la course \u00ab\u00a0la plus courte au monde\u00a0\u00bb"},"content":{"rendered":"<p class=\"article-p mdl\">Ce week-end du 12 avril 2025,\u00a0<a class=\"link\" href=\"https:\/\/www.rtl.fr\/sport\/autres-sports\/paris-roubaix-2025-geant-mathieu-van-der-poel-s-impose-et-realise-un-triple-historique-7900493823\" target=\"_blank\" rel=\"noopener\">il y a Paris-Roubaix<\/a>\u00a0mais aussi Clermont-Ferrand. Dans un autre style, sans doute moins professionnel, <strong>150 coureurs cyclistes<\/strong> ont particip\u00e9 \u00e0 une \u00e9preuve au sommet : <strong>200 m\u00e8tres de mont\u00e9e avec un final \u00e0 plus de 20%.<\/strong><\/p>\n<p class=\"article-p mdl\">\u00ab\u00a0Le final est chaud\u00a0\u00bb souffle \u00e0 de ses participants \u00e0 l&rsquo;arriv\u00e9e : \u00ab\u00a0Je suis compl\u00e8tement arrach\u00e9, c&rsquo;est totalement inadapt\u00e9 pour la pratique que j&rsquo;ai, mais c&rsquo;est top\u00a0\u00bb, juge-t-il apr\u00e8s l&rsquo;effort.<\/p>\n<p class=\"article-p mdl\">Au cours de l&rsquo;\u00e9v\u00e9nement bon enfant, on retrouve aussi de la musique, des d\u00e9guisements en tout genre et une ambiance de supporters digne d&rsquo;un virage de l&rsquo;Alpe d&rsquo;Huez durant le Tour de France. Ils \u00e9taient 150 participants <strong>de 8 \u00e0 78 ans et tous avec une science de la course tr\u00e8s pointue<\/strong> : \u00ab\u00a0La strat\u00e9gie c&rsquo;est \u00e0 fond au d\u00e9but, \u00e0 fond au milieu et \u00e0 fond \u00e0 la fin\u00a0\u00bb analyse l&rsquo;un deux.<\/p>\n<ul class=\"glide__slides\">\n<li class=\"glide__slide\">\n<p>                                        <img decoding=\"async\" alt=\"\" class=\"lazy\" src=\"data:image\/png;base64,iVBORw0KGgoAAAANSUhEUgAAAAEAAAABCAQAAAC1HAwCAAAAC0lEQVR42mM8IQkAAa8A48opxD0AAAAASUVORK5CYII=\"\/><\/p>\n<p>Quand Ob\u00e9lix soutient son compagnon Asterix, \u00e0 v\u00e9lo gravissant la mont\u00e9e infernale de Clermont-Ferrand<\/p>\n<p>\n                                                Cr\u00e9dits : Alex MARTIN \/ AFP\n                                            <\/p>\n<\/li>\n<li class=\"glide__slide\">\n<p>                                        <img decoding=\"async\" alt=\"\" class=\"lazy\" src=\"data:image\/png;base64,iVBORw0KGgoAAAANSUhEUgAAAAEAAAABCAQAAAC1HAwCAAAAC0lEQVR42mM8IQkAAa8A48opxD0AAAAASUVORK5CYII=\"\/><\/p>\n<p>\u00ab\u00a0La mont\u00e9e infernale\u00a0\u00bb de Clermont-Ferrand n&rsquo;a pas d&rsquo;\u00e2ge<\/p>\n<p>\n                                                Cr\u00e9dits : Alex MARTIN \/ AFP\n                                            <\/p>\n<\/li>\n<li class=\"glide__slide\">\n<p>                                        <img decoding=\"async\" alt=\"\" class=\"lazy\" src=\"data:image\/png;base64,iVBORw0KGgoAAAANSUhEUgAAAAEAAAABCAQAAAC1HAwCAAAAC0lEQVR42mM8IQkAAa8A48opxD0AAAAASUVORK5CYII=\"\/><\/p>\n<p>La \u00ab\u00a0mont\u00e9e infernale\u00a0\u00bb de Clermont-Ferrand porte bien son nom.<\/p>\n<p>\n                                                Cr\u00e9dits : Alex MARTIN \/ AFP\n                                            <\/p>\n<\/li>\n<li class=\"glide__slide\">\n<p>                                        <img decoding=\"async\" alt=\"\" class=\"lazy\" src=\"data:image\/png;base64,iVBORw0KGgoAAAANSUhEUgAAAAEAAAABCAQAAAC1HAwCAAAAC0lEQVR42mM8IQkAAa8A48opxD0AAAAASUVORK5CYII=\"\/><\/p>\n<p>La mont\u00e9e infernale de Clermont-Ferrand \u00e0 monocycle, encore plus difficile.<\/p>\n<p>\n                                                Cr\u00e9dits : Alex MARTIN \/ AFP\n                                            <\/p>\n<\/li>\n<\/ul>\n<p>                Pr\u00e9c\u00e9dent<\/p>\n<p>                Suivant<\/p>\n<p class=\"article-p mdl\">\u00ab\u00a0<strong>\u00c7a faisait 10 ans que j&rsquo;habitais le quartier et je me disais, cette belle pente, j&rsquo;aurais envie d&rsquo;organiser une course<\/strong>\u00ab\u00a0, raconte \u00e0 l&rsquo;AFP Pierre-Henri Malartre, 47 ans, coorganisateur d&rsquo;une course insolite qui n&rsquo;en est qu&rsquo;\u00e0 sa seconde \u00e9dition.<\/p>\n<p class=\"article-p mdl\">Le gagnant a mis une vingtaine de secondes pour endurer la mont\u00e9e infernale de Clermont-Ferrand et tous ici sont bien d\u00e9cid\u00e9s \u00e0 recommencer l&rsquo;ann\u00e9e prochaine.<\/p>\n<p>    La r\u00e9daction vous recommande<\/p>\n<p class=\"s-newsletter__title\">\n                L\u2019actualit\u00e9 par la r\u00e9daction de RTL dans votre bo\u00eete mail.\n            <\/p>\n<p class=\"s-newsletter__subtitle\">\n                Gr\u00e2ce \u00e0 votre compte RTL abonnez-vous \u00e0 la newsletter RTL info pour suivre toute l&rsquo;actualit\u00e9 au quotidien\n            <\/p>\n<p>\n                                    Lire la suite\n                                <\/p>\n","protected":false},"excerpt":{"rendered":"Ce week-end du 12 avril 2025,\u00a0il y a Paris-Roubaix\u00a0mais aussi Clermont-Ferrand. Dans un autre style, sans doute moins&hellip;\n","protected":false},"author":2,"featured_media":25161,"comment_status":"","ping_status":"","sticky":false,"template":"","format":"standard","meta":{"footnotes":""},"categories":[1411],"tags":[9050,1154,207,107,1011,27,362,60,208],"class_list":{"0":"post-25160","1":"post","2":"type-post","3":"status-publish","4":"format-standard","5":"has-post-thumbnail","7":"category-cyclisme","8":"tag-clermont-ferrand","9":"tag-cycling","10":"tag-cyclisme","11":"tag-fil-info","12":"tag-fr","13":"tag-france","14":"tag-replay","15":"tag-sports","16":"tag-velo"},"share_on_mastodon":{"url":"https:\/\/pubeurope.com\/@fr\/114338283052650646","error":""},"_links":{"self":[{"href":"https:\/\/www.europesays.com\/fr\/wp-json\/wp\/v2\/posts\/25160","targetHints":{"allow":["GET"]}}],"collection":[{"href":"https:\/\/www.europesays.com\/fr\/wp-json\/wp\/v2\/posts"}],"about":[{"href":"https:\/\/www.europesays.com\/fr\/wp-json\/wp\/v2\/types\/post"}],"author":[{"embeddable":true,"href":"https:\/\/www.europesays.com\/fr\/wp-json\/wp\/v2\/users\/2"}],"replies":[{"embeddable":true,"href":"https:\/\/www.europesays.com\/fr\/wp-json\/wp\/v2\/comments?post=25160"}],"version-history":[{"count":0,"href":"https:\/\/www.europesays.com\/fr\/wp-json\/wp\/v2\/posts\/25160\/revisions"}],"wp:featuredmedia":[{"embeddable":true,"href":"https:\/\/www.europesays.com\/fr\/wp-json\/wp\/v2\/media\/25161"}],"wp:attachment":[{"href":"https:\/\/www.europesays.com\/fr\/wp-json\/wp\/v2\/media?parent=25160"}],"wp:term":[{"taxonomy":"category","embeddable":true,"href":"https:\/\/www.europesays.com\/fr\/wp-json\/wp\/v2\/categories?post=25160"},{"taxonomy":"post_tag","embeddable":true,"href":"https:\/\/www.europesays.com\/fr\/wp-json\/wp\/v2\/tags?post=25160"}],"curies":[{"name":"wp","href":"https:\/\/api.w.org\/{rel}","templated":true}]}}