{"id":251605,"date":"2025-07-16T15:34:18","date_gmt":"2025-07-16T15:34:18","guid":{"rendered":"https:\/\/www.europesays.com\/fr\/251605\/"},"modified":"2025-07-16T15:34:18","modified_gmt":"2025-07-16T15:34:18","slug":"pourquoi-il-ne-faut-plus-deposer-vos-vetements-dans-les-conteneurs-le-relais","status":"publish","type":"post","link":"https:\/\/www.europesays.com\/fr\/251605\/","title":{"rendered":"Pourquoi il ne faut plus d\u00e9poser vos v\u00eatements dans les conteneurs Le Relais"},"content":{"rendered":"<p> \u00abSi \u00e7a continue comme \u00e7a, on ne passera pas l\u2019\u00e9t\u00e9. Si rien n\u2019est fait, tout ce qu\u2019on a construit depuis quarante ans va dispara\u00eetre.\u00a0\u00bb Pascal Milleville est le directeur r\u00e9gional du Relais en <a href=\"https:\/\/www.20minutes.fr\/dossier\/bretagne\" class=\"color-ultramarine c-link\" target=\"_blank\" rel=\"noopener\">Bretagne<\/a>. Cette entreprise \u00e0 but socio-\u00e9conomique est bien connue du grand public pour <a href=\"https:\/\/www.20minutes.fr\/societe\/4132259-20250107-pourquoi-containers-recyclage-vetements-commencent-disparaitre-cause-chine\" class=\"color-ultramarine c-link\" target=\"_blank\" rel=\"noopener\">sa collecte de v\u00eatements r\u00e9alis\u00e9e dans des conteneurs blancs<\/a> implant\u00e9s aux quatre coins du pays. <a href=\"https:\/\/www.lerelais.org\/\" rel=\"nofollow noopener\" target=\"_blank\" class=\"color-ultramarine c-link\">Le Relais<\/a>, c\u2019est 2.000 emplois et plus de la moiti\u00e9 des v\u00eatements collect\u00e9s en France. L\u2019an dernier, elle a r\u00e9cup\u00e9r\u00e9 270.000 tonnes de fringues en plus ou moins bon \u00e9tat pour tenter de les valoriser. Mais elle n\u2019y arrive plus et accuse directement Refashion.<\/p>\n<p>Cet \u00e9co-organisme est charg\u00e9 de financer une partie de la collecte sur le principe <a href=\"https:\/\/www.20minutes.fr\/consommation\/4127515-20241205-textile-bonus-reparation-vetements-chaussures-fait-economiser-7-millions-euros-francais-an\" class=\"color-ultramarine c-link\" target=\"_blank\" rel=\"noopener\">du \u00ab\u00a0pollueur-payeur\u00a0\u00bb<\/a>. La contribution de 156 euros la tonne ne suffit plus et la fili\u00e8re demande 304 euros la tonne pour maintenir ses activit\u00e9s. Refashion refuse et assure avoir \u00ab\u00a0formul\u00e9 une proposition d\u2019aide d\u2019urgence revaloris\u00e9e \u00e0 192 euros la tonne\u00a0\u00bb. Insuffisant. Le Relais a donc stopp\u00e9 sa collecte.<\/p>\n<\/p>\n<p>Les collectivit\u00e9s appellent les habitants \u00e0 cesser de remplir de v\u00eatements les conteneurs jusqu\u2019\u00e0 nouvel ordre. \u00ab\u00a0Si les bornes Le Relais restent physiquement en place, elles ne sont pas utilisables actuellement. Les habitants sont donc invit\u00e9s \u00e0 ne plus d\u00e9poser leurs textiles, linges et chaussures et \u00e0 les conserver \u00e0 leur domicile en attendant qu\u2019une solution permettant la collecte, le tri et la valorisation des textiles soit trouv\u00e9e\u00a0\u00bb, explique Rennes m\u00e9tropole. Jusqu\u2019\u00e0 quand\u00a0? \u00ab\u00a0Le moins longtemps possible, on l\u2019esp\u00e8re.\u00a0\u00bb<\/p>\n<p>Un centime de plus par article<\/p>\n<p>En p\u00e9tard contre cette n\u00e9gociation qui n\u2019avance pas, les antennes r\u00e9gionales du Relais ont men\u00e9 de nombreuses actions mardi, d\u00e9versant des tonnes de v\u00eatements devant des enseignes comme Kiabi ou Decathlon, qui si\u00e8gent au conseil d\u2019administration de Refashion. Elles ne sont pas les seules. L\u2019\u00e9co-organisme compte parmi ses associ\u00e9s des g\u00e9ants comme LVMH, Beaumanoir, Celio, H&amp;M et de la grande distribution comme Auchan, Carrefour ou Super U. Du lourd.<\/p>\n<p>\u00ab\u00a0\u00c7a fait un an qu\u2019on les alerte de la situation. Leur niveau de contribution est beaucoup trop faible et nous, on tire la langue. On a fait le travail, d\u00e9velopp\u00e9 nos collectes, trouv\u00e9 des d\u00e9bouch\u00e9s et m\u00eame cr\u00e9\u00e9 nos propres produits<a href=\"https:\/\/www.rtbf.be\/article\/le-metisse-comment-recycler-vos-vieux-jeans-en-isolant-thermique-10815942\" rel=\"nofollow noopener\" target=\"_blank\" class=\"color-ultramarine c-link\"> comme l\u2019isolant M\u00e9tisse<\/a>. Mais l\u00e0, on ne peut plus\u00a0\u00bb, assure Pascal Milleville.<\/p>\n<p>Le directeur r\u00e9gional critique notamment les \u00ab\u00a0200\u00a0millions d\u2019euros de tr\u00e9sorerie\u00a0\u00bb amass\u00e9s par l\u2019\u00e9co-organisme. \u00ab\u00a0Ce que l\u2019on demande, c\u2019est un centime de plus par article. C\u2019est \u00e0 peine 15\u00a0% de leur tr\u00e9sorerie\u00a0\u00bb, assure le patron du Relais breton.<\/p>\n<p><img decoding=\"async\" alt=\"Des tonnes de v\u00eatements ont \u00e9t\u00e9 d\u00e9pos\u00e9s devant les magasins Kiabi et Decathlon par des salari\u00e9s de l'entreprise sociale Le Relais. \" class=\"c-img\" loading=\"lazy\" fetchpriority=\"auto\" width=\"718\"  src=\"https:\/\/img.20mn.fr\/6Int4zA_QS6DW5lqPp5Kdik\/718x0\" \/>Des tonnes de v\u00eatements ont \u00e9t\u00e9 d\u00e9pos\u00e9s devant les magasins Kiabi et Decathlon par des salari\u00e9s de l&rsquo;entreprise sociale Le Relais. \u2002-\u00a0Le Relais<\/p>\n<p>Une affirmation r\u00e9cus\u00e9e par Refashion. Dans un communiqu\u00e9, l\u2019\u00e9co-organisme ne nie pas la bonne sant\u00e9 de sa tr\u00e9sorerie. Mais elle assure que cette somme \u00ab\u00a0s\u00e9curise les soutiens pluriannuels aux diff\u00e9rentes parties prenantes\u00a0\u00bb et vise \u00e0 \u00ab\u00a0accompagner l\u2019\u00e9volution des mod\u00e8les vers plus de recyclage et de proximit\u00e9\u00a0\u00bb. Mais quel mod\u00e8le\u00a0? D\u2019apr\u00e8s les structures d\u2019\u00e9conomie sociale et solidaire, c\u2019est aujourd\u2019hui la fast-fashion <a href=\"https:\/\/www.20minutes.fr\/tempo\/style\/4159741-20250628-fast-fashion-quand-poubelles-grands-magasins-deviennent-mines-or\" class=\"color-ultramarine c-link\" target=\"_blank\" rel=\"noopener\">qui est l\u2019une des responsables de ses difficult\u00e9s<\/a>.<\/p>\n<p>Des tonnes de v\u00eatements balanc\u00e9s chaque ann\u00e9e<\/p>\n<p>Avec leurs v\u00eatements jetables, les enseignes comme Shein ou H&amp;M viennent encombrer les conteneurs. \u00ab\u00a0Cette ann\u00e9e, on mettra 850.000 tonnes de v\u00eatements sur le march\u00e9 fran\u00e7ais. C\u2019est 200.000 tonnes de plus qu\u2019il y a cinq ans. Est-ce qu\u2019on a besoin de \u00e7a\u00a0?\u00a0\u00bb, interroge Pascal Milleville. La r\u00e9ponse est non. Selon une \u00e9tude de l\u2019Ademe, <a href=\"https:\/\/www.20minutes.fr\/societe\/4160420-20250625-fast-fashion-plus-moitie-vetements-placards-jamais-portes-selon-etude\" class=\"color-ultramarine c-link\" target=\"_blank\" rel=\"noopener\">la moiti\u00e9 de nos v\u00eatements ne sont jamais port\u00e9s<\/a>.<\/p>\n<p>Du c\u00f4t\u00e9 de l\u2019\u00e9co-organisme, on bl\u00e2me davantage la \u00ab\u00a0brusque chute des cours \u00e0 l\u2019export des textiles usag\u00e9s tri\u00e9s, en Afrique majoritairement\u00a0\u00bb pour expliquer la crise. Le Relais envoie 25 \u00e0 30\u00a0% de ses textiles vers des pays africains comme le S\u00e9n\u00e9gal, Madagascar ou le Burkina Faso. Une pratique parfois critiqu\u00e9e et qui commence \u00e0 montrer ses limites. Mais qui ne devrait pas remettre en cause toute une fili\u00e8re.<\/p>\n","protected":false},"excerpt":{"rendered":"\u00abSi \u00e7a continue comme \u00e7a, on ne passera pas l\u2019\u00e9t\u00e9. Si rien n\u2019est fait, tout ce qu\u2019on a&hellip;\n","protected":false},"author":2,"featured_media":251606,"comment_status":"","ping_status":"","sticky":false,"template":"","format":"standard","meta":{"footnotes":""},"categories":[2],"tags":[47,11,829,7200,3008,12393,39185,1011,27,6151,14679,848,35040,12,3887,584,1104,104,2422,996],"class_list":{"0":"post-251605","1":"post","2":"type-post","3":"status-publish","4":"format-standard","5":"has-post-thumbnail","7":"category-actualites","8":"tag-actualite","9":"tag-actualites","10":"tag-bretagne","11":"tag-decathlon","12":"tag-dechets","13":"tag-economie-circulaire","14":"tag-fashion-conso","15":"tag-fr","16":"tag-france","17":"tag-greve","18":"tag-hm","19":"tag-ille-et-vilaine","20":"tag-mode-ethique","21":"tag-news","22":"tag-recyclage","23":"tag-rennes","24":"tag-shein","25":"tag-societe","26":"tag-textile","27":"tag-vetement"},"share_on_mastodon":{"url":"https:\/\/pubeurope.com\/@fr\/114863647190206162","error":""},"_links":{"self":[{"href":"https:\/\/www.europesays.com\/fr\/wp-json\/wp\/v2\/posts\/251605","targetHints":{"allow":["GET"]}}],"collection":[{"href":"https:\/\/www.europesays.com\/fr\/wp-json\/wp\/v2\/posts"}],"about":[{"href":"https:\/\/www.europesays.com\/fr\/wp-json\/wp\/v2\/types\/post"}],"author":[{"embeddable":true,"href":"https:\/\/www.europesays.com\/fr\/wp-json\/wp\/v2\/users\/2"}],"replies":[{"embeddable":true,"href":"https:\/\/www.europesays.com\/fr\/wp-json\/wp\/v2\/comments?post=251605"}],"version-history":[{"count":0,"href":"https:\/\/www.europesays.com\/fr\/wp-json\/wp\/v2\/posts\/251605\/revisions"}],"wp:featuredmedia":[{"embeddable":true,"href":"https:\/\/www.europesays.com\/fr\/wp-json\/wp\/v2\/media\/251606"}],"wp:attachment":[{"href":"https:\/\/www.europesays.com\/fr\/wp-json\/wp\/v2\/media?parent=251605"}],"wp:term":[{"taxonomy":"category","embeddable":true,"href":"https:\/\/www.europesays.com\/fr\/wp-json\/wp\/v2\/categories?post=251605"},{"taxonomy":"post_tag","embeddable":true,"href":"https:\/\/www.europesays.com\/fr\/wp-json\/wp\/v2\/tags?post=251605"}],"curies":[{"name":"wp","href":"https:\/\/api.w.org\/{rel}","templated":true}]}}