{"id":251607,"date":"2025-07-16T15:35:47","date_gmt":"2025-07-16T15:35:47","guid":{"rendered":"https:\/\/www.europesays.com\/fr\/251607\/"},"modified":"2025-07-16T15:35:47","modified_gmt":"2025-07-16T15:35:47","slug":"saint-victor-sur-loire-la-baignade-toujours-autorisee-mais-une-frequentation-encore-timide","status":"publish","type":"post","link":"https:\/\/www.europesays.com\/fr\/251607\/","title":{"rendered":"Saint-Victor-sur-Loire. La baignade toujours autoris\u00e9e mais une fr\u00e9quentation encore timide"},"content":{"rendered":"<p>\u00ab\u00a0L\u2019an dernier, la baignade n\u2019avait \u00e9t\u00e9 ouverte que cinq jours.\u00a0\u00bb \u00c0 la base nautique de Saint-Victor-sur-Loire, l\u2019heure est aux r\u00e9jouissances en ce d\u00e9but de saison. Quasiment tous les feux sont au vert. Depuis samedi 5\u00a0juillet, la baignade est autoris\u00e9e et surveill\u00e9e dans la zone d\u00e9limit\u00e9e, tous les jours de midi \u00e0 18 heures. Cela change des pr\u00e9c\u00e9dents \u00e9t\u00e9s o\u00f9 la pr\u00e9sence de cyanobact\u00e9ries a, \u00e0 chaque fois, contraint la Ville de Saint-\u00c9tienne\u00a0\u00e0 fermer l\u2019acc\u00e8s au site.<\/p>\n<p>L\u2019autorisation de baignade prolong\u00e9e d\u00e8s cette semaine\u00a0?<\/p>\n<p>Cette fois, pas d\u2019algue dans la Loire, \u00ab\u00a0et pourtant il a fait plus chaud. Ce sont les myst\u00e8res de la nature\u00a0\u00bb, glisse-t-on \u00e0 la capitainerie m\u00eame s\u2019il semble acquis que la plante se d\u00e9veloppe en partie \u00e0 cause de l\u2019activit\u00e9 humaine. En tout cas, l\u2019eau est de bonne qualit\u00e9 selon l\u2019Agence r\u00e9gionale de sant\u00e9 (ARS) et la baignade est autoris\u00e9e jusqu\u2019au vendredi 18\u00a0juillet, dernier jour de validit\u00e9&#8230;<\/p>\n","protected":false},"excerpt":{"rendered":"\u00ab\u00a0L\u2019an dernier, la baignade n\u2019avait \u00e9t\u00e9 ouverte que cinq jours.\u00a0\u00bb \u00c0 la base nautique de Saint-Victor-sur-Loire, l\u2019heure est&hellip;\n","protected":false},"author":2,"featured_media":251608,"comment_status":"","ping_status":"","sticky":false,"template":"","format":"standard","meta":{"footnotes":""},"categories":[9653],"tags":[1111,11,2430,1687,1777,674,274,1011,27,12,25,4001,104],"class_list":{"0":"post-251607","1":"post","2":"type-post","3":"status-publish","4":"format-standard","5":"has-post-thumbnail","7":"category-saint-etienne","8":"tag-actu","9":"tag-actualites","10":"tag-auvergne-rhone-alpes","11":"tag-culture-loisirs","12":"tag-eu","13":"tag-europe","14":"tag-faits-divers-justice","15":"tag-fr","16":"tag-france","17":"tag-news","18":"tag-republique-francaise","19":"tag-saint-etienne","20":"tag-societe"},"share_on_mastodon":{"url":"https:\/\/pubeurope.com\/@fr\/114863655021339746","error":""},"_links":{"self":[{"href":"https:\/\/www.europesays.com\/fr\/wp-json\/wp\/v2\/posts\/251607","targetHints":{"allow":["GET"]}}],"collection":[{"href":"https:\/\/www.europesays.com\/fr\/wp-json\/wp\/v2\/posts"}],"about":[{"href":"https:\/\/www.europesays.com\/fr\/wp-json\/wp\/v2\/types\/post"}],"author":[{"embeddable":true,"href":"https:\/\/www.europesays.com\/fr\/wp-json\/wp\/v2\/users\/2"}],"replies":[{"embeddable":true,"href":"https:\/\/www.europesays.com\/fr\/wp-json\/wp\/v2\/comments?post=251607"}],"version-history":[{"count":0,"href":"https:\/\/www.europesays.com\/fr\/wp-json\/wp\/v2\/posts\/251607\/revisions"}],"wp:featuredmedia":[{"embeddable":true,"href":"https:\/\/www.europesays.com\/fr\/wp-json\/wp\/v2\/media\/251608"}],"wp:attachment":[{"href":"https:\/\/www.europesays.com\/fr\/wp-json\/wp\/v2\/media?parent=251607"}],"wp:term":[{"taxonomy":"category","embeddable":true,"href":"https:\/\/www.europesays.com\/fr\/wp-json\/wp\/v2\/categories?post=251607"},{"taxonomy":"post_tag","embeddable":true,"href":"https:\/\/www.europesays.com\/fr\/wp-json\/wp\/v2\/tags?post=251607"}],"curies":[{"name":"wp","href":"https:\/\/api.w.org\/{rel}","templated":true}]}}