{"id":251613,"date":"2025-07-16T15:38:27","date_gmt":"2025-07-16T15:38:27","guid":{"rendered":"https:\/\/www.europesays.com\/fr\/251613\/"},"modified":"2025-07-16T15:38:27","modified_gmt":"2025-07-16T15:38:27","slug":"grand-nancy-15-tonnes-de-vetements-deverses-devant-decathlon-et-kiabi-cibles-dune-action-surprise-a-houdemont","status":"publish","type":"post","link":"https:\/\/www.europesays.com\/fr\/251613\/","title":{"rendered":"Grand Nancy. 15 tonnes de v\u00eatements d\u00e9vers\u00e9s devant D\u00e9cathlon et Kiabi, cibles d\u2019une action surprise \u00e0 Houdemont"},"content":{"rendered":"<p>\u00c0 7\u00a0h\u00a030, vingt personnes et huit camions ont \u00e9parpill\u00e9 des milliers de v\u00eatements usag\u00e9s devant le magasin de sport et celui de pr\u00eat \u00e0 porter, situ\u00e9s l\u2019un en face de l\u2019autre. Les auteurs de cette action coup de poing : des salari\u00e9s de Relais, cette c\u00e9l\u00e8bre coop\u00e9rative qui collecte, trie et valorise les v\u00eatements usagers. Cette entreprise notamment connue pour ses <a href=\"https:\/\/www.estrepublicain.fr\/economie\/2025\/01\/28\/les-bennes-a-vetements-usagers-seront-bientot-retirees-et-remplacees-par-de-nouveaux-conteneurs\" target=\"_blank\" rel=\"noopener\">bornes de collecte<\/a> proteste contre le manque de soutien financier de la part de <a href=\"https:\/\/www.estrepublicain.fr\/economie\/2025\/06\/01\/face-a-un-systeme-a-bout-de-souffle-la-filiere-des-dechets-textiles-mise-sur-le-recyclage\" target=\"_blank\" rel=\"noopener\">Refashion<\/a> , l\u2019\u00e9co-organisme de la fili\u00e8re des textiles charg\u00e9es de mettre en place la pr\u00e9vention et la gestion des d\u00e9chets.<\/p>\n<p>C\u2019est cet organisme qui finance les structures de tri et de recyclage via les <a href=\"https:\/\/www.estrepublicain.fr\/economie\/2025\/06\/01\/face-a-un-systeme-a-bout-de-souffle-la-filiere-des-dechets-textiles-mise-sur-le-recyclage\" target=\"_blank\" rel=\"noopener\">\u00e9co-contributions<\/a> , ces taxes pay\u00e9es par le consommateur lors de l\u2019achat de v\u00eatements neufs.<\/p>\n<p>  3\u00a0000 emplois menac\u00e9s en France<\/p>\n<p>Sauf que la contribution vers\u00e9e aux Relais pour le tri et la collecte serait \u00ab\u00a0largement insuffisante\u00a0\u00bb, d\u00e9nonce Christophe Ferrari, directeur du <a href=\"https:\/\/www.estrepublicain.fr\/economie\/2023\/12\/04\/le-relais-de-lorraine-bien-plus-qu-une-recyclerie\" target=\"_blank\" rel=\"noopener\">Relais d\u2019Allain<\/a> , \u00e0 l\u2019origine de l\u2019action de ce mardi 15\u00a0juillet \u00e0 Houdemont. \u00ab\u00a0Le co\u00fbt r\u00e9el du tri s\u2019\u00e9l\u00e8ve aujourd\u2019hui \u00e0 304\u00a0euros\/tonne. Mais Refashion contribue de ne verser que 156\u00a0euros\/tonne, soit pr\u00e8s de 50\u00a0% en dessous des besoins constat\u00e9s\u00a0\u00bb, d\u00e9nonce encore Christophe Ferrari. \u00ab\u00a0Cette sous compensation place l\u2019ensemble de la fili\u00e8re en situation critique\u00a0\u00bb, lit-on dans un communiqu\u00e9 de Relais France.<\/p>\n<p>R\u00e9sultat, ces entreprises d\u2019insertion seraient au bord de la faillite\u00a0: 3\u00a0000 emplois menac\u00e9s en France. En Lorraine, une quarantaine d\u2019emplois seraient en danger. \u00ab\u00a0Certains de nos centres sont limite limite\u00a0\u00bb, s\u2019inqui\u00e8te Christophe Ferrari.<\/p>\n<p>\u00c0 cette action coup de poing r\u00e9alis\u00e9e en simultan\u00e9e partout en France ce mardi s\u2019ajoute d\u2019ailleurs une gr\u00e8ve illimit\u00e9e\u00a0: \u00e0 partir de ce mardi 15\u00a0juillet, les collectes des v\u00eatements dans les conteneurs ne sont plus assur\u00e9es. \u00ab\u00a0\u00c7a va vite d\u00e9border, ils verront que nous sommes indispensables\u00a0\u00bb, se r\u00e9jouit un manifestant pr\u00e9sent ce mardi sur le parking de Kiabi.<\/p>\n<p>Kiabi et D\u00e9cathlon ont \u00e9t\u00e9 vis\u00e9es car les deux enseignes nationales si\u00e8gent au conseil d\u2019administration de Refashion.<\/p>\n<p>\u00c0 13\u00a0h\u00a030, les v\u00eatements d\u00e9vers\u00e9s sur les parkings \u00e9taient encore pr\u00e9sents. \u00ab\u00a0Nous, on ne les enl\u00e8vera pas, ce sera \u00e0 eux de le faire\u00a0\u00bb, ajoute Christophe Ferrari. Contact\u00e9s, les directeurs des magasins D\u00e9cathlon et Kiabi d\u2019Houdemont n\u2019ont pas souhait\u00e9 r\u00e9agir.<\/p>\n","protected":false},"excerpt":{"rendered":"\u00c0 7\u00a0h\u00a030, vingt personnes et huit camions ont \u00e9parpill\u00e9 des milliers de v\u00eatements usag\u00e9s devant le magasin de&hellip;\n","protected":false},"author":2,"featured_media":251614,"comment_status":"","ping_status":"","sticky":false,"template":"","format":"standard","meta":{"footnotes":""},"categories":[9635],"tags":[1111,11,4406,130,33,1704,1777,674,1011,27,775,17190,9649,3457,1702,12,25],"class_list":{"0":"post-251613","1":"post","2":"type-post","3":"status-publish","4":"format-standard","5":"has-post-thumbnail","7":"category-nancy","8":"tag-actu","9":"tag-actualites","10":"tag-commerce-et-services","11":"tag-consommation","12":"tag-economie","13":"tag-edition-nancy-et-agglomeration","14":"tag-eu","15":"tag-europe","16":"tag-fr","17":"tag-france","18":"tag-grand-est","19":"tag-houdemont","20":"tag-metropole-du-grand-nancy-54b2","21":"tag-meurthe-et-moselle","22":"tag-nancy","23":"tag-news","24":"tag-republique-francaise"},"share_on_mastodon":{"url":"https:\/\/pubeurope.com\/@fr\/114863662936765099","error":""},"_links":{"self":[{"href":"https:\/\/www.europesays.com\/fr\/wp-json\/wp\/v2\/posts\/251613","targetHints":{"allow":["GET"]}}],"collection":[{"href":"https:\/\/www.europesays.com\/fr\/wp-json\/wp\/v2\/posts"}],"about":[{"href":"https:\/\/www.europesays.com\/fr\/wp-json\/wp\/v2\/types\/post"}],"author":[{"embeddable":true,"href":"https:\/\/www.europesays.com\/fr\/wp-json\/wp\/v2\/users\/2"}],"replies":[{"embeddable":true,"href":"https:\/\/www.europesays.com\/fr\/wp-json\/wp\/v2\/comments?post=251613"}],"version-history":[{"count":0,"href":"https:\/\/www.europesays.com\/fr\/wp-json\/wp\/v2\/posts\/251613\/revisions"}],"wp:featuredmedia":[{"embeddable":true,"href":"https:\/\/www.europesays.com\/fr\/wp-json\/wp\/v2\/media\/251614"}],"wp:attachment":[{"href":"https:\/\/www.europesays.com\/fr\/wp-json\/wp\/v2\/media?parent=251613"}],"wp:term":[{"taxonomy":"category","embeddable":true,"href":"https:\/\/www.europesays.com\/fr\/wp-json\/wp\/v2\/categories?post=251613"},{"taxonomy":"post_tag","embeddable":true,"href":"https:\/\/www.europesays.com\/fr\/wp-json\/wp\/v2\/tags?post=251613"}],"curies":[{"name":"wp","href":"https:\/\/api.w.org\/{rel}","templated":true}]}}