{"id":251618,"date":"2025-07-16T15:42:55","date_gmt":"2025-07-16T15:42:55","guid":{"rendered":"https:\/\/www.europesays.com\/fr\/251618\/"},"modified":"2025-07-16T15:42:55","modified_gmt":"2025-07-16T15:42:55","slug":"la-metropole-et-lum-ensemble-pour-booster-linnovation","status":"publish","type":"post","link":"https:\/\/www.europesays.com\/fr\/251618\/","title":{"rendered":"la M\u00e9tropole et l\u2019UM ensemble pour booster l\u2019innovation"},"content":{"rendered":"<p>            Par<br \/>\n        <strong><br \/>\n            <a href=\"https:\/\/actu.fr\/auteur\/g-martin\" title=\"Consulter tous les articles de Gil Martin\" target=\"_blank\" rel=\"noopener\">Gil Martin<\/a><br \/>\n        <\/strong><\/p>\n<p>        Publi\u00e9 le<\/p>\n<p>            16 juil. 2025 \u00e0 9h31        <\/p>\n<p>L\u2019Afterwork de l\u2019innovation 2025 de l\u2019<strong>Universit\u00e9 de Montpellier<\/strong>, qui a profit\u00e9 de l\u2019\u00e9v\u00e9nement pour d\u00e9voiler ses sept <strong>Prix de l\u2019Innovation 2025<\/strong>, s\u2019est tenu <strong>mardi 8 juillet<\/strong> \u00e0 l\u2019orangerie du Jardin des plantes. Philippe Aug\u00e9, Pr\u00e9sident de l\u2019UM et son vice-pr\u00e9sident en charge de l\u2019Innovation, Philippe Combette, <strong>ont re\u00e7u le maire-pr\u00e9sident de la M\u00e9tropole<\/strong>, Micha\u00ebl Delafosse.<\/p>\n<p>La communaut\u00e9 universitaire \u00e0 l\u2019honneur<\/p>\n<p class=\" wall-content\">\u00ab\u00a0Cet \u00e9v\u00e9nement-phare a une nouvelle fois mis \u00e0 l\u2019honneur les acteurs et les actrices de l\u2019innovation issus <strong>de la communaut\u00e9 universitaire,<\/strong> avec un focus particulier sur les \u00e9tudiants, \u00e9tudiantes, doctorants, doctorantes, jeunes chercheurs et chercheuses, v\u00e9ritables moteurs de la dynamique entrepreneuriale du territoire \u00bb, rappelle Philippe Aug\u00e9.<\/p>\n<blockquote class=\"ac-article-quote wall-content\">\n<p>\u00ab\u00a0Objectif : accompagner les porteurs de projets, valoriser les r\u00e9sultats de la recherche publique et favoriser l\u2019\u00e9mergence de startups \u00e0 fort impact\u00a0\u00bb<\/p>\n<p>    <strong\/>\n            <\/p><\/blockquote>\n<p class=\" wall-content\">Apr\u00e8s la remise des prix, la soir\u00e9e s\u2019est conclue par un moment fort : la signature officielle d\u2019<strong>une convention de partenariat<\/strong> entre l\u2019Universit\u00e9 de Montpellier, la SATT AxLR (la structure charg\u00e9e d\u2019accompagner les innovations vers la cr\u00e9ation d\u2019entreprise) et Montpellier M\u00e9diterran\u00e9e M\u00e9tropole. \u00ab\u00a0Ce partenariat marque une nouvelle \u00e9tape <strong>dans la structuration d\u2019un \u00e9cosyst\u00e8me coh\u00e9rent et performant<\/strong> autour de l\u2019innovation scientifique\u00a0\u00bb, ont comment\u00e9 le pr\u00e9sident de l\u2019UM et celui de la M\u00e9tropole.<\/p>\n<p>    <a href=\"https:\/\/www.google.com\/maps\/embed?pb=!1m18!1m12!1m3!1d2888.6310171908394!2d3.870674011309362!3d43.61422377098342!2m3!1f0!2f0!3f0!3m2!1i1024!2i768!4f13.1!3m3!1m2!1s0x12b6af06f7b0a7b9%3A0x21712ae8bf915e54!2sJardin%20des%20Plantes%20de%20Montpellier!5e0!3m2!1sfr!2sfr!4v1752284777862!5m2!1sfr!2sfr\" title=\"Ouvrie le lien\" target=\"_blank\" rel=\"noopener\">Cliquez ici pour visualiser le contenu<\/a><\/p>\n<p>Vid\u00e9os : en ce moment sur ActuVers l\u2019\u00e9mergence de startups \u00e0 fort impact<\/p>\n<p class=\" wall-content\">\u00ab\u00a0Les trois signataires unissent leurs forces pour accompagner les porteurs de projets, <strong>valoriser les r\u00e9sultats de la recherche publique<\/strong> et favoriser l\u2019\u00e9mergence de <strong>startups \u00e0 fort impact\u00a0<\/strong>\u00bb, pr\u00e9cise l\u2019UM\u00a0: \u00ab\u00a0cette initiative s\u2019inscrit pleinement dans les ambitions port\u00e9es par le P\u00f4le Universitaire d\u2019Innovation de Montpellier, fer de lance de la strat\u00e9gie d\u2019innovation de l\u2019UM\u00a0\u00bb.<\/p>\n<p>Pour booster le projet MedVall\u00e9e<\/p>\n<p class=\" wall-content\">Cette convention vise \u00e0 proposer un parcours clair, lisible et coordonn\u00e9, <strong>mettant en synergie<\/strong> les expertises des diff\u00e9rents acteurs au service du d\u00e9veloppement \u00e9conomique du territoire. \u00ab\u00a0Cette convention est tr\u00e8s importante\u00a0\u00bb, a soulign\u00e9 Micha\u00ebl Delafosse qui compte sur le fruit de la recherche locale pour nourrir <strong>le grand projet MedVall\u00e9e<\/strong>, visant \u00e0 faire de Montpellier une <strong>place forte mondiale<\/strong> de la recherche et de l\u2019innovation dans le secteur de la sant\u00e9 globale.<\/p>\n<p class=\" wall-content\">Suivez toute l\u2019actualit\u00e9 de vos villes et m\u00e9dias favoris en vous inscrivant \u00e0 <a href=\"https:\/\/moncompte.actu.fr\" title=\"D\u00e9couvez Mon Actu\" rel=\"nofollow noopener\" data-trk=\"{&quot;cta&quot;:{&quot;action&quot;:&quot;https:\\\/\\\/moncompte.actu.fr&quot;,&quot;category&quot;:&quot;mon compte&quot;,&quot;from&quot;:&quot;article footer&quot;,&quot;name&quot;:&quot;Mon actu&quot;,&quot;type&quot;:&quot;cta&quot;}}\" target=\"_blank\">Mon Actu<\/a>.<\/p>\n","protected":false},"excerpt":{"rendered":"Par Gil Martin Publi\u00e9 le 16 juil. 2025 \u00e0 9h31 L\u2019Afterwork de l\u2019innovation 2025 de l\u2019Universit\u00e9 de Montpellier,&hellip;\n","protected":false},"author":2,"featured_media":251619,"comment_status":"","ping_status":"","sticky":false,"template":"","format":"standard","meta":{"footnotes":""},"categories":[9599],"tags":[1111,11,1777,674,1011,27,2208,12,2680,25,2631],"class_list":{"0":"post-251618","1":"post","2":"type-post","3":"status-publish","4":"format-standard","5":"has-post-thumbnail","7":"category-montpellier","8":"tag-actu","9":"tag-actualites","10":"tag-eu","11":"tag-europe","12":"tag-fr","13":"tag-france","14":"tag-montpellier","15":"tag-news","16":"tag-occitanie","17":"tag-republique-francaise","18":"tag-sciences-technologie"},"share_on_mastodon":{"url":"https:\/\/pubeurope.com\/@fr\/114863682505729525","error":""},"_links":{"self":[{"href":"https:\/\/www.europesays.com\/fr\/wp-json\/wp\/v2\/posts\/251618","targetHints":{"allow":["GET"]}}],"collection":[{"href":"https:\/\/www.europesays.com\/fr\/wp-json\/wp\/v2\/posts"}],"about":[{"href":"https:\/\/www.europesays.com\/fr\/wp-json\/wp\/v2\/types\/post"}],"author":[{"embeddable":true,"href":"https:\/\/www.europesays.com\/fr\/wp-json\/wp\/v2\/users\/2"}],"replies":[{"embeddable":true,"href":"https:\/\/www.europesays.com\/fr\/wp-json\/wp\/v2\/comments?post=251618"}],"version-history":[{"count":0,"href":"https:\/\/www.europesays.com\/fr\/wp-json\/wp\/v2\/posts\/251618\/revisions"}],"wp:featuredmedia":[{"embeddable":true,"href":"https:\/\/www.europesays.com\/fr\/wp-json\/wp\/v2\/media\/251619"}],"wp:attachment":[{"href":"https:\/\/www.europesays.com\/fr\/wp-json\/wp\/v2\/media?parent=251618"}],"wp:term":[{"taxonomy":"category","embeddable":true,"href":"https:\/\/www.europesays.com\/fr\/wp-json\/wp\/v2\/categories?post=251618"},{"taxonomy":"post_tag","embeddable":true,"href":"https:\/\/www.europesays.com\/fr\/wp-json\/wp\/v2\/tags?post=251618"}],"curies":[{"name":"wp","href":"https:\/\/api.w.org\/{rel}","templated":true}]}}