{"id":251633,"date":"2025-07-16T15:55:13","date_gmt":"2025-07-16T15:55:13","guid":{"rendered":"https:\/\/www.europesays.com\/fr\/251633\/"},"modified":"2025-07-16T15:55:13","modified_gmt":"2025-07-16T15:55:13","slug":"a-peine-ouvert-ce-restaurant-de-strasbourg-galere-avec-les-travaux-du-ring-velo","status":"publish","type":"post","link":"https:\/\/www.europesays.com\/fr\/251633\/","title":{"rendered":"\u00e0 peine ouvert, ce restaurant de Strasbourg gal\u00e8re avec les travaux du ring v\u00e9lo"},"content":{"rendered":"<p>            Par<br \/>\n        <strong><br \/>\n            <a href=\"https:\/\/actu.fr\/auteur\/olivia-kouassi\" title=\"Consulter tous les articles de Olivia Kouassi\" target=\"_blank\" rel=\"noopener\">Olivia Kouassi<\/a><br \/>\n        <\/strong><\/p>\n<p>        Publi\u00e9 le<\/p>\n<p>            16 juil. 2025 \u00e0 16h48        <\/p>\n<p>\u00ab\u2009Entre le cr\u00e9dit, le loyer et les charges, on est <strong>\u00e9trangl\u00e9<\/strong>\u2009\u00bb, souffle Saad Anees, cog\u00e9rant du <a href=\"https:\/\/actu.fr\/grand-est\/strasbourg_67482\/un-nouveau-restaurant-specialise-dans-la-cuisine-irakienne-vient-d-ouvrir-dans-ce-quartier-de-strasbourg_62896930.html\" target=\"_blank\" rel=\"noopener\">restaurant Purattu<\/a>. L\u2019\u00e9tablissement, sp\u00e9cialis\u00e9 dans les <strong>cuisines irakienne et libanaise<\/strong> a ouvert ses portes au d\u00e9but du mois de juin au c\u0153ur du quartier de la <strong>Krutenau<\/strong> \u00e0 <strong>Strasbourg<\/strong> (<a href=\"https:\/\/actu.fr\/strasbourg\/\" target=\"_blank\" rel=\"noopener\">Bas-Rhin<\/a>). Probl\u00e8me, <a href=\"https:\/\/actu.fr\/grand-est\/strasbourg_67482\/strasbourg-voici-la-carte-des-nombreux-travaux-prevus-cette-annee-pour-le-ring-velo_62121636.html\" target=\"_blank\" rel=\"noopener\">les gros travaux du ring v\u00e9lo,<\/a> qui sont entr\u00e9s dans leur phase finale en juillet rue des Orphelins et rue de Zurich, impactent le lancement du restaurant.<\/p>\n<p>\u00ab\u2009Les clients ne viennent pas\u2009\u00bb<\/p>\n<p class=\" wall-content\"><a href=\"https:\/\/actu.fr\/grand-est\/strasbourg_67482\/strasbourg-de-nombreux-travaux-commencent-ce-lundi-voici-le-detail-des-perturbations_62867263.html\" target=\"_blank\" rel=\"noopener\">Compl\u00e8tement ferm\u00e9e \u00e0 la circulation automobile<\/a> jusqu\u2019au 21 juillet, la rue des Orphelins tremble sous le passage des engins qui nivellent et compactent le goudron fra\u00eechement pos\u00e9. Les pi\u00e9tons se fraient difficilement un passage le long des trottoirs sans s\u2019arr\u00eater devant Purattu, situ\u00e9 au milieu de la rue. \u00ab\u2009Avec les travaux, c\u2019est difficile. Il y a du <strong>bruit<\/strong> et les gens ne viennent pas,<strong> on n\u2019arrive pas \u00e0 se faire conna\u00eetre\u2009\u00bb<\/strong>, explique le cog\u00e9rant qui regrette l\u2019impossibilit\u00e9 d\u2019installer une petite terrasse.<\/p>\n<p class=\" wall-content\">\u00c0 quelques pas de l\u00e0, le restaurant La Maison des Mezz\u00e9s a carr\u00e9ment d\u00e9cid\u00e9 de <strong>fermer ses portes<\/strong> le temps des travaux et en profite pour en r\u00e9aliser dans son \u00e9tablissement. \u00ab\u2009Avec la poussi\u00e8re, le bruit et le fait que les gens ne peuvent plus se garer, c\u2019\u00e9tait mieux comme \u00e7a\u2009\u00bb, explique le g\u00e9rant Georges. Ce dernier s\u2019inqui\u00e8te de l\u2019am\u00e9nagement final de la rue des Orphelins \u00ab\u2009qui risque de perdre beaucoup de place de stationnement\u2009\u00bb.<\/p>\n<p>Un \u00ab\u00a0manque \u00e0 gagner important\u00a0\u00bb<\/p>\n<p class=\" wall-content\">A contrario du restaurant de ramen Uma\u00ef, situ\u00e9 \u00e0 quelques m\u00e8tres de Purattu, qui sert des soupes chaudes et \u00ab\u2009n\u2019attire pas les foules\u2009\u00bb durant l\u2019\u00e9t\u00e9, Saad Anees misait beaucoup sur les mois de juin \u00e0 septembre qui devaient \u00eatre une \u00ab<strong>\u2009grosse p\u00e9riode\u2009\u00bb<\/strong>. Face \u00e0 un \u00ab\u2009manque \u00e0 gagner important\u2009\u00bb, le cog\u00e9rant explique envisager de contacter la municipalit\u00e9 afin de demander un d\u00e9dommagement.<\/p>\n<p class=\" wall-content\">Suivez toute l\u2019actualit\u00e9 de vos villes et m\u00e9dias favoris en vous inscrivant \u00e0 <a href=\"https:\/\/moncompte.actu.fr\" title=\"D\u00e9couvez Mon Actu\" rel=\"nofollow noopener\" data-trk=\"{&quot;cta&quot;:{&quot;action&quot;:&quot;https:\\\/\\\/moncompte.actu.fr&quot;,&quot;category&quot;:&quot;mon compte&quot;,&quot;from&quot;:&quot;article footer&quot;,&quot;name&quot;:&quot;Mon actu&quot;,&quot;type&quot;:&quot;cta&quot;}}\" target=\"_blank\">Mon Actu<\/a>.<\/p>\n","protected":false},"excerpt":{"rendered":"Par Olivia Kouassi Publi\u00e9 le 16 juil. 2025 \u00e0 16h48 \u00ab\u2009Entre le cr\u00e9dit, le loyer et les charges,&hellip;\n","protected":false},"author":2,"featured_media":251634,"comment_status":"","ping_status":"","sticky":false,"template":"","format":"standard","meta":{"footnotes":""},"categories":[2820],"tags":[1111,11,1777,5342,674,1011,27,1661,775,12,25,104,640,2086],"class_list":{"0":"post-251633","1":"post","2":"type-post","3":"status-publish","4":"format-standard","5":"has-post-thumbnail","7":"category-strasbourg","8":"tag-actu","9":"tag-actualites","10":"tag-eu","11":"tag-eurometropole-de-strasbourg","12":"tag-europe","13":"tag-fr","14":"tag-france","15":"tag-gastronomie","16":"tag-grand-est","17":"tag-news","18":"tag-republique-francaise","19":"tag-societe","20":"tag-strasbourg","21":"tag-travaux"},"share_on_mastodon":{"url":"https:\/\/pubeurope.com\/@fr\/114863729733953421","error":""},"_links":{"self":[{"href":"https:\/\/www.europesays.com\/fr\/wp-json\/wp\/v2\/posts\/251633","targetHints":{"allow":["GET"]}}],"collection":[{"href":"https:\/\/www.europesays.com\/fr\/wp-json\/wp\/v2\/posts"}],"about":[{"href":"https:\/\/www.europesays.com\/fr\/wp-json\/wp\/v2\/types\/post"}],"author":[{"embeddable":true,"href":"https:\/\/www.europesays.com\/fr\/wp-json\/wp\/v2\/users\/2"}],"replies":[{"embeddable":true,"href":"https:\/\/www.europesays.com\/fr\/wp-json\/wp\/v2\/comments?post=251633"}],"version-history":[{"count":0,"href":"https:\/\/www.europesays.com\/fr\/wp-json\/wp\/v2\/posts\/251633\/revisions"}],"wp:featuredmedia":[{"embeddable":true,"href":"https:\/\/www.europesays.com\/fr\/wp-json\/wp\/v2\/media\/251634"}],"wp:attachment":[{"href":"https:\/\/www.europesays.com\/fr\/wp-json\/wp\/v2\/media?parent=251633"}],"wp:term":[{"taxonomy":"category","embeddable":true,"href":"https:\/\/www.europesays.com\/fr\/wp-json\/wp\/v2\/categories?post=251633"},{"taxonomy":"post_tag","embeddable":true,"href":"https:\/\/www.europesays.com\/fr\/wp-json\/wp\/v2\/tags?post=251633"}],"curies":[{"name":"wp","href":"https:\/\/api.w.org\/{rel}","templated":true}]}}