{"id":251637,"date":"2025-07-16T15:57:36","date_gmt":"2025-07-16T15:57:36","guid":{"rendered":"https:\/\/www.europesays.com\/fr\/251637\/"},"modified":"2025-07-16T15:57:36","modified_gmt":"2025-07-16T15:57:36","slug":"un-accident-entre-plusieurs-voitures-perturbe-fortement-la-circulation-sur-la8-dans-le-contournement-de-nice","status":"publish","type":"post","link":"https:\/\/www.europesays.com\/fr\/251637\/","title":{"rendered":"Un accident entre plusieurs voitures perturbe fortement la circulation sur l&rsquo;A8 dans le contournement de Nice"},"content":{"rendered":"<p>Prudence et patience pour les usagers de l&rsquo;autoroute.\u00a0<\/p>\n<p>Un <strong>accident<\/strong> impliquant deux voitures a eu lieu ce mercredi 16 juillet 2025 vers 16h30 apr\u00e8s l&rsquo;\u00e9changeur de <strong>Nice Nord<\/strong> (n\u00b054), sur l&rsquo;A8, en direction d&rsquo;Aix-en-Provence.<\/p>\n<p>Les deux v\u00e9hicules accident\u00e9s se trouvaient sur la voie la plus \u00e0 gauche, cr\u00e9ant un <strong>embouteillage<\/strong> remontant sur plusieurs kilom\u00e8tres avant la sortie de Nice Est (n\u00b055).\u00a0<\/p>\n<p>\u00c0 17h, il fallait une <strong>vingtaine de minutes<\/strong> pour traverser cette difficult\u00e9.\u00a0<\/p>\n<p>                                <strong>Un autre accident en direction de l&rsquo;Italie<\/strong><\/p>\n<p>Un peu plus t\u00f4t, un <a href=\"https:\/\/www.nicematin.com\/info-trafic\/gros-gros-bouchon-un-accident-de-poids-lourd-perturbe-la-circulation-sur-l-a8-dans-les-alpes-maritimes-994496\" target=\"_blank\" rel=\"noopener\">accident impliquant un poids lourd<\/a> a eu lieu dans l&rsquo;autre sens, en direction de l&rsquo;Italie, au niveau de Villeneuve-Loubet, toujours sur l&rsquo;A8.\u00a0<\/p>\n<p>Termin\u00e9 depuis 16h40 environ, il a engendr\u00e9 un embouteillage d&rsquo;une dizaine de kilom\u00e8tres remontant jusqu&rsquo;\u00e0 la barri\u00e8re de p\u00e9age d&rsquo;Antibes.\u00a0<\/p>\n","protected":false},"excerpt":{"rendered":"Prudence et patience pour les usagers de l&rsquo;autoroute.\u00a0 Un accident impliquant deux voitures a eu lieu ce mercredi&hellip;\n","protected":false},"author":2,"featured_media":12896,"comment_status":"","ping_status":"","sticky":false,"template":"","format":"standard","meta":{"footnotes":""},"categories":[2819],"tags":[1111,11,1777,674,1011,27,803,12,2401,882,25],"class_list":{"0":"post-251637","1":"post","2":"type-post","3":"status-publish","4":"format-standard","5":"has-post-thumbnail","7":"category-nice","8":"tag-actu","9":"tag-actualites","10":"tag-eu","11":"tag-europe","12":"tag-fr","13":"tag-france","14":"tag-info-trafic","15":"tag-news","16":"tag-nice","17":"tag-provence-alpes-cote-dazur","18":"tag-republique-francaise"},"share_on_mastodon":{"url":"https:\/\/pubeurope.com\/@fr\/114863737566953392","error":""},"_links":{"self":[{"href":"https:\/\/www.europesays.com\/fr\/wp-json\/wp\/v2\/posts\/251637","targetHints":{"allow":["GET"]}}],"collection":[{"href":"https:\/\/www.europesays.com\/fr\/wp-json\/wp\/v2\/posts"}],"about":[{"href":"https:\/\/www.europesays.com\/fr\/wp-json\/wp\/v2\/types\/post"}],"author":[{"embeddable":true,"href":"https:\/\/www.europesays.com\/fr\/wp-json\/wp\/v2\/users\/2"}],"replies":[{"embeddable":true,"href":"https:\/\/www.europesays.com\/fr\/wp-json\/wp\/v2\/comments?post=251637"}],"version-history":[{"count":0,"href":"https:\/\/www.europesays.com\/fr\/wp-json\/wp\/v2\/posts\/251637\/revisions"}],"wp:featuredmedia":[{"embeddable":true,"href":"https:\/\/www.europesays.com\/fr\/wp-json\/wp\/v2\/media\/12896"}],"wp:attachment":[{"href":"https:\/\/www.europesays.com\/fr\/wp-json\/wp\/v2\/media?parent=251637"}],"wp:term":[{"taxonomy":"category","embeddable":true,"href":"https:\/\/www.europesays.com\/fr\/wp-json\/wp\/v2\/categories?post=251637"},{"taxonomy":"post_tag","embeddable":true,"href":"https:\/\/www.europesays.com\/fr\/wp-json\/wp\/v2\/tags?post=251637"}],"curies":[{"name":"wp","href":"https:\/\/api.w.org\/{rel}","templated":true}]}}