{"id":25164,"date":"2025-04-14T20:49:16","date_gmt":"2025-04-14T20:49:16","guid":{"rendered":"https:\/\/www.europesays.com\/fr\/25164\/"},"modified":"2025-04-14T20:49:16","modified_gmt":"2025-04-14T20:49:16","slug":"lucie-bernardoni-star-academy-embarrassee-par-les-images-de-son-passage-dans-le-jour-ou-tout-a-bascule","status":"publish","type":"post","link":"https:\/\/www.europesays.com\/fr\/25164\/","title":{"rendered":"Lucie Bernardoni (Star Academy) embarrass\u00e9e par les images de son passage dans Le jour o\u00f9 tout a bascul\u00e9"},"content":{"rendered":"<p>Ce dimanche 13 avril, Lucie Bernardoni \u00e9tait invit\u00e9e sur le plateau des Enfants de la t\u00e9l\u00e9 sur France 2. La r\u00e9p\u00e9titrice des \u00e9l\u00e8ves de la Star Academy a red\u00e9couvert des images de son passage dans Le jour o\u00f9 tout a bascul\u00e9, de quoi l&rsquo;avoir embarrass\u00e9e.<\/p>\n<p>Si la Star Academy a pris fin depuis plusieurs mois, les fans peuvent retrouver neufs des \u00e9l\u00e8ves <a href=\"https:\/\/www.programme-tv.net\/news\/people\/374286-pas-de-place-au-repos-marine-star-academy-s-exprime-sur-son-etat-de-sante-apres-des-inquietudes-de-ses-fans-pendant-la-tournee\/\" data-api-deeplink=\"teleloisirs:\/\/news\/374286\" target=\"_blank\" rel=\"noopener\">\u2013 Marine, Ebony, Franck, Charles, Marguerite, Emma, Ulysse, Ma\u00efa et Maureen \u2013<\/a> lors de leur tourn\u00e9e dans les grandes villes de France, mais aussi en Belgique et en Suisse. Et ils peuvent compter sur la pr\u00e9sence de Lucie Bernardoni, <a href=\"https:\/\/www.programme-tv.net\/news\/musique\/375758-il-est-dispo-lucie-bernardoni-annonce-une-grande-nouvelle-aux-fans-de-la-star-academy\/\" data-api-deeplink=\"teleloisirs:\/\/news\/375758\" target=\"_blank\" rel=\"noopener\">qui les accompagne en tant que r\u00e9p\u00e9titrice<\/a>. Ce dimanche 13 avril, elle \u00e9tait invit\u00e9e sur le plateau des Enfants de la t\u00e9l\u00e9 aux c\u00f4t\u00e9s d&rsquo;Oscar Sisto, Kendji Girac, H\u00e9l\u00e9na et Ilyes Djadel.<\/p>\n<p><b>\u00ab\u00a0\u00c7a se passe de commentaires\u00a0\u00bb <\/b><b>: <\/b>Lucie Bernardoni embarrass\u00e9e devant les images de son passage dans Le jour o\u00f9 tout a bascul\u00e9<\/p>\n<p>Si H\u00e9l\u00e9na a eu le droit \u00e0 une belle surprise en red\u00e9couvrant <a href=\"https:\/\/www.programme-tv.net\/news\/tv\/375809-grosse-surprise-pour-helena-star-academy-ces-images-de-son-casting-qu-elle-croyait-disparues-a-jamais-diffusees-aux-enfants-de-la-tele\/\" data-api-deeplink=\"teleloisirs:\/\/news\/375809\" target=\"_blank\" rel=\"noopener\">les images de son casting pour la Star Academy<\/a>, Lucie Bernardoni a v\u00e9cu un moment embarrassant. Sur le plateau de France 2, <a href=\"https:\/\/www.programme-tv.net\/news\/people\/375802-lucie-bernardoni-change-de-look-sa-nouvelle-coupe-ravit-ses-fans\/\" data-api-deeplink=\"teleloisirs:\/\/news\/375802\" target=\"_blank\" rel=\"noopener\">la r\u00e9p\u00e9titrice<\/a> a revu un extrait de son passage dans Le jour o\u00f9 tout a bascul\u00e9. En effet, elle a jou\u00e9 un r\u00f4le dans la scripted-reality qui met en images des histoires inspir\u00e9es de faits r\u00e9els. \u00ab\u00a0Ah ! Je vais me tuer\u00a0\u00bb, a lanc\u00e9 Lucie Bernardoni en marchant sur le plateau avant de courir s&rsquo;accrocher aux \u00e9paules de Kendji Girac. \u00ab\u00a0Tu as fait \u00e7a en vrai ?\u00a0\u00bb, lui a demand\u00e9 le chanteur. <b>\u00ab\u00a0Je veux mourir, j&rsquo;ai envie de me cacher\u00a0\u00bb<\/b><b>,<\/b> a une nouvelle fois d\u00e9clar\u00e9 la jeune femme. \u00ab\u00a0Alors, je ne regrette rien de ce que j&rsquo;ai fait\u2026\u00a0\u00bb, a-t-elle d&rsquo;abord confi\u00e9 avant d&rsquo;expliquer que l&rsquo;\u00e9pisode, qui s&rsquo;intitulait J&rsquo;ai fait souffrir l&rsquo;amant de ma femme \u00e9tait \u00ab\u00a0une histoire rocambolesque, mais vraie\u00a0\u00bb. <b>\u00ab\u00a0Je crois que \u00e7a se passe de commentaires\u00a0\u00bb,<\/b> a-t-elle finalement conclu apr\u00e8s avoir cherch\u00e9 ses mots.<\/p>\n<p>                        <b>\u00ab\u00a0Ils sont tous comme \u00e7a les \u00e9pisodes\u00a0\u00bb <\/b><b>: Laurence Boccolini cash sur la <\/b>s\u00e9rie t\u00e9l\u00e9vis\u00e9e r\u00e9aliste Le jour o\u00f9 tout a bascul\u00e9<\/p>\n<p>Apr\u00e8s la diffusion de l&rsquo;extrait, <a href=\"https:\/\/www.programme-tv.net\/news\/people\/375265-c-est-une-sensation-de-mort-imminente-laurence-boccolini-victime-d-attaques-de-panique-ses-confidences-sans-tabou-video\/\" data-api-deeplink=\"teleloisirs:\/\/news\/375265\" target=\"_blank\" rel=\"noopener\">Laurence Boccolini <\/a>a rassur\u00e9 Lucie Bernardoni. <b>\u00ab\u00a0Si vous vous sentez pas tr\u00e8s bien avec ce que vous venez de voir, rassurez-vous, ils sont tous comme \u00e7a les \u00e9pisodes. Je ne crois pas qu&rsquo;il y est un sc\u00e9nario, on vous dit quoi faire\u00a0\u00bb<\/b>, a-t-elle d\u00e9clar\u00e9 avant d&rsquo;ajouter : \u00ab\u00a0La personne en face de vous joue comme un fromage blanc aussi\u00a0\u00bb. \u00ab\u00a0Alors non, Thierry Baumann, c&rsquo;est lui qui pr\u00e9sente les votes des Miss France \u00e0 la fin\u2026 Bah, c&rsquo;est lui ! C&rsquo;est un ami et on l&#8217;embrasse\u00a0\u00bb, a conclu Lucie Bernardoni.<\/p>\n","protected":false},"excerpt":{"rendered":"Ce dimanche 13 avril, Lucie Bernardoni \u00e9tait invit\u00e9e sur le plateau des Enfants de la t\u00e9l\u00e9 sur France&hellip;\n","protected":false},"author":2,"featured_media":25165,"comment_status":"","ping_status":"","sticky":false,"template":"","format":"standard","meta":{"footnotes":""},"categories":[1359],"tags":[244,58,59,1011,27,3219,9051,9052,973,1364,1421],"class_list":{"0":"post-25164","1":"post","2":"type-post","3":"status-publish","4":"format-standard","5":"has-post-thumbnail","7":"category-people","8":"tag-commentaire","9":"tag-divertissement","10":"tag-entertainment","11":"tag-fr","12":"tag-france","13":"tag-laurence-boccolini","14":"tag-les-enfants-de-la-tu00e9lu00e9","15":"tag-lucie-bernardoni","16":"tag-people","17":"tag-tv","18":"tag-zap"},"share_on_mastodon":{"url":"https:\/\/pubeurope.com\/@fr\/114338290878746809","error":""},"_links":{"self":[{"href":"https:\/\/www.europesays.com\/fr\/wp-json\/wp\/v2\/posts\/25164","targetHints":{"allow":["GET"]}}],"collection":[{"href":"https:\/\/www.europesays.com\/fr\/wp-json\/wp\/v2\/posts"}],"about":[{"href":"https:\/\/www.europesays.com\/fr\/wp-json\/wp\/v2\/types\/post"}],"author":[{"embeddable":true,"href":"https:\/\/www.europesays.com\/fr\/wp-json\/wp\/v2\/users\/2"}],"replies":[{"embeddable":true,"href":"https:\/\/www.europesays.com\/fr\/wp-json\/wp\/v2\/comments?post=25164"}],"version-history":[{"count":0,"href":"https:\/\/www.europesays.com\/fr\/wp-json\/wp\/v2\/posts\/25164\/revisions"}],"wp:featuredmedia":[{"embeddable":true,"href":"https:\/\/www.europesays.com\/fr\/wp-json\/wp\/v2\/media\/25165"}],"wp:attachment":[{"href":"https:\/\/www.europesays.com\/fr\/wp-json\/wp\/v2\/media?parent=25164"}],"wp:term":[{"taxonomy":"category","embeddable":true,"href":"https:\/\/www.europesays.com\/fr\/wp-json\/wp\/v2\/categories?post=25164"},{"taxonomy":"post_tag","embeddable":true,"href":"https:\/\/www.europesays.com\/fr\/wp-json\/wp\/v2\/tags?post=25164"}],"curies":[{"name":"wp","href":"https:\/\/api.w.org\/{rel}","templated":true}]}}