{"id":251644,"date":"2025-07-16T16:02:16","date_gmt":"2025-07-16T16:02:16","guid":{"rendered":"https:\/\/www.europesays.com\/fr\/251644\/"},"modified":"2025-07-16T16:02:16","modified_gmt":"2025-07-16T16:02:16","slug":"la-place-des-quinconces-devient-un-parking-de-500-places-pour-aider-les-commercants","status":"publish","type":"post","link":"https:\/\/www.europesays.com\/fr\/251644\/","title":{"rendered":"la place des Quinconces devient un parking de 500 places pour aider les commer\u00e7ants"},"content":{"rendered":"<p>            Par<br \/>\n        <strong><br \/>\n            <a href=\"https:\/\/actu.fr\/auteur\/redaction-bordeaux\" title=\"Consulter tous les articles de R\u00e9daction Bordeaux\" target=\"_blank\" rel=\"noopener\">R\u00e9daction Bordeaux<\/a><br \/>\n        <\/strong><\/p>\n<p>        Publi\u00e9 le<\/p>\n<p>            16 juil. 2025 \u00e0 17h19        <\/p>\n<p>La braderie d\u2019\u00e9t\u00e9 est de retour du jeudi\u00a017 au samedi 19\u00a0juillet. \u00c0 cette occasion, la Ville a d\u00e9cid\u00e9 de transformer exceptionnellement<a href=\"https:\/\/actu.fr\/nouvelle-aquitaine\/bordeaux_33063\/la-question-pas-si-bete-la-place-des-quinconces-est-elle-vraiment-la-plus-grande-de-france_47446973.html\" target=\"_blank\" rel=\"noopener\"> la place des Quinconces<\/a> en un parking g\u00e9ant et gratuit, de 10 \u00e0 22\u00a0heures durant ces trois jours.<\/p>\n<p class=\" wall-content\">L\u2019objectif\u2009: <strong>faciliter le stationnement en centre-ville<\/strong> face aux difficult\u00e9s temporaires li\u00e9es aux travaux en cours sur les quais et <a href=\"https:\/\/actu.fr\/nouvelle-aquitaine\/bordeaux_33063\/les-travaux-du-pont-de-pierre-ont-demarre-a-bordeaux-quels-impacts-sur-la-circulation_62599359.html\" target=\"_blank\" rel=\"noopener\">le pont de pierre \u00e0 Bordeaux<\/a>.<\/p>\n<p>    <a href=\"https:\/\/www.facebook.com\/plugins\/post.php?href=https%3A%2F%2Fwww.facebook.com%2Fbordeauxmaville%2Fposts%2Fpfbid0362K7MsW92WmkNPnXdLaCtHXfAEjXPJcRPRTKVWdg2B2qUsXqaL9v8nfRwybqqyoxl&amp;show_text=true&amp;width=350\" title=\"Ouvrie le lien\" target=\"_blank\" rel=\"noopener\">Cliquez ici pour visualiser le contenu<\/a><\/p>\n<p class=\" wall-content\">La municipalit\u00e9 pr\u00e9cise que <strong>500 stationnements seront disponibles<\/strong> gratuitement et dans la limite des places disponibles. L\u2019entr\u00e9e et la sortie des v\u00e9hicules se feront par les all\u00e9es de Bristol (c\u00f4t\u00e9 Chartrons) et des agents de surveillance assureront l\u2019organisation du stationnement sur toute la dur\u00e9e de l\u2019ouverture de ce parking \u00e9ph\u00e9m\u00e8re.<\/p>\n<p class=\" wall-content\">Suivez toute l\u2019actualit\u00e9 de vos villes et m\u00e9dias favoris en vous inscrivant \u00e0 <a href=\"https:\/\/moncompte.actu.fr\" title=\"D\u00e9couvez Mon Actu\" rel=\"nofollow noopener\" data-trk=\"{&quot;cta&quot;:{&quot;action&quot;:&quot;https:\\\/\\\/moncompte.actu.fr&quot;,&quot;category&quot;:&quot;mon compte&quot;,&quot;from&quot;:&quot;article footer&quot;,&quot;name&quot;:&quot;Mon actu&quot;,&quot;type&quot;:&quot;cta&quot;}}\" target=\"_blank\">Mon Actu<\/a>.<\/p>\n","protected":false},"excerpt":{"rendered":"Par R\u00e9daction Bordeaux Publi\u00e9 le 16 juil. 2025 \u00e0 17h19 La braderie d\u2019\u00e9t\u00e9 est de retour du jeudi\u00a017&hellip;\n","protected":false},"author":2,"featured_media":251645,"comment_status":"","ping_status":"","sticky":false,"template":"","format":"standard","meta":{"footnotes":""},"categories":[2817],"tags":[1111,11,1997,215,1777,674,1011,27,12,2219,25,104,6173],"class_list":{"0":"post-251644","1":"post","2":"type-post","3":"status-publish","4":"format-standard","5":"has-post-thumbnail","7":"category-bordeaux","8":"tag-actu","9":"tag-actualites","10":"tag-bordeaux","11":"tag-commerce","12":"tag-eu","13":"tag-europe","14":"tag-fr","15":"tag-france","16":"tag-news","17":"tag-nouvelle-aquitaine","18":"tag-republique-francaise","19":"tag-societe","20":"tag-stationnement"},"share_on_mastodon":{"url":"https:\/\/pubeurope.com\/@fr\/114863757386909540","error":""},"_links":{"self":[{"href":"https:\/\/www.europesays.com\/fr\/wp-json\/wp\/v2\/posts\/251644","targetHints":{"allow":["GET"]}}],"collection":[{"href":"https:\/\/www.europesays.com\/fr\/wp-json\/wp\/v2\/posts"}],"about":[{"href":"https:\/\/www.europesays.com\/fr\/wp-json\/wp\/v2\/types\/post"}],"author":[{"embeddable":true,"href":"https:\/\/www.europesays.com\/fr\/wp-json\/wp\/v2\/users\/2"}],"replies":[{"embeddable":true,"href":"https:\/\/www.europesays.com\/fr\/wp-json\/wp\/v2\/comments?post=251644"}],"version-history":[{"count":0,"href":"https:\/\/www.europesays.com\/fr\/wp-json\/wp\/v2\/posts\/251644\/revisions"}],"wp:featuredmedia":[{"embeddable":true,"href":"https:\/\/www.europesays.com\/fr\/wp-json\/wp\/v2\/media\/251645"}],"wp:attachment":[{"href":"https:\/\/www.europesays.com\/fr\/wp-json\/wp\/v2\/media?parent=251644"}],"wp:term":[{"taxonomy":"category","embeddable":true,"href":"https:\/\/www.europesays.com\/fr\/wp-json\/wp\/v2\/categories?post=251644"},{"taxonomy":"post_tag","embeddable":true,"href":"https:\/\/www.europesays.com\/fr\/wp-json\/wp\/v2\/tags?post=251644"}],"curies":[{"name":"wp","href":"https:\/\/api.w.org\/{rel}","templated":true}]}}