{"id":251650,"date":"2025-07-16T16:05:12","date_gmt":"2025-07-16T16:05:12","guid":{"rendered":"https:\/\/www.europesays.com\/fr\/251650\/"},"modified":"2025-07-16T16:05:12","modified_gmt":"2025-07-16T16:05:12","slug":"tour-de-france-a-toulouse-un-homme-franchit-la-barriere-et-court-a-cote-des-coureurs-a-larrivee-de-letape","status":"publish","type":"post","link":"https:\/\/www.europesays.com\/fr\/251650\/","title":{"rendered":"Tour de France \u00e0 Toulouse. Un homme franchit la barri\u00e8re et court \u00e0 c\u00f4t\u00e9 des coureurs \u00e0 l&rsquo;arriv\u00e9e de l&rsquo;\u00e9tape"},"content":{"rendered":"<p>            Par<br \/>\n        <strong><br \/>\n            <a href=\"https:\/\/actu.fr\/auteur\/david-saint-sernin\" title=\"Consulter tous les articles de David Saint-Sernin\" rel=\"nofollow noopener\" target=\"_blank\">David Saint-Sernin<\/a><br \/>\n        <\/strong><\/p>\n<p>        Publi\u00e9 le<\/p>\n<p>            16 juil. 2025 \u00e0 17h49        <\/p>\n<p>\u00ab\u2009Qu\u2019est-ce que c\u2019est que cet idiot\u2009?\u2009\u00bb Sur France TV, le consultant<strong> Laurent Jalabert<\/strong> n\u2019y est pas all\u00e9 par quatre chemins lors de l\u2019arriv\u00e9e de la 11e \u00e9tape du Tour de France <strong>\u00e0 Toulouse.<\/strong><\/p>\n<p class=\" wall-content\">Alors que le sprint pour la victoire \u00e9tait lanc\u00e9 entre Jonas Abrahamssen (Uno-X),<a href=\"https:\/\/actu.fr\/occitanie\/toulouse_31555\/en-direct-coulisses-ambiance-course-suivez-la-11e-etape-du-tour-de-france-autour-de-toulouse_62914003.html\" rel=\"nofollow noopener\" target=\"_blank\"> finalement vainqueur de l\u2019\u00e9tape,<\/a> et Mauro Schmid (Jayco-AlUla), un individu a <strong>r\u00e9ussi \u00e0 franchir les barri\u00e8res de s\u00e9curit\u00e9<\/strong> et s\u2019est retrouv\u00e9 juste \u00e0 c\u00f4t\u00e9 des deux coureurs au paroxysme de leur effort.<\/p>\n<p>Il saute la barri\u00e8re, puis court au milieu de la chauss\u00e9e<\/p>\n<p class=\" wall-content\">Sur ces images de l\u2019organisateur, on voit l\u2019homme courir le long des barri\u00e8res, enlever un tee-shirt, puis se rapprocher du centre de la chauss\u00e9e.<\/p>\n<p class=\" wall-content\">\n<p>Plaqu\u00e9 par un membre de l\u2019organisation<\/p>\n<p class=\" wall-content\">Une image incroyable. On y voit les deux coureurs au sprint, \u00e0 moins de 200\u00a0m\u00e8tres de la ligne, et cet individu qui court sur le m\u00eame plan, <strong>au risque de les faire tomber<\/strong>.<\/p>\n<p class=\" wall-content\">Il est heureusement rapidement <strong>plaqu\u00e9<\/strong> par un membre de l\u2019organisation, puis ramen\u00e9 vers le bord de la route.<\/p>\n<p>Ses motivations<\/p>\n<p class=\" wall-content\">Sur l\u2019image, on voit que l\u2019individu arbore un t-shirt avec l\u2019inscription \u00ab\u2009Isra\u00ebl out of the Tour\u2009\u00bb. Pour rappel, l\u2019\u00e9quipe Isra\u00ebl-Premier Tech participe au Tour de France cette ann\u00e9e.<\/p>\n<p>Vid\u00e9os : en ce moment sur Actu<\/p>\n<p class=\" wall-content\">\n<p class=\" wall-content\">Suivez toute l\u2019actualit\u00e9 de vos villes et m\u00e9dias favoris en vous inscrivant \u00e0 <a href=\"https:\/\/moncompte.actu.fr\" title=\"D\u00e9couvez Mon Actu\" rel=\"nofollow noopener\" data-trk=\"{&quot;cta&quot;:{&quot;action&quot;:&quot;https:\\\/\\\/moncompte.actu.fr&quot;,&quot;category&quot;:&quot;mon compte&quot;,&quot;from&quot;:&quot;article footer&quot;,&quot;name&quot;:&quot;Mon actu&quot;,&quot;type&quot;:&quot;cta&quot;}}\" target=\"_blank\">Mon Actu<\/a>.<\/p>\n","protected":false},"excerpt":{"rendered":"Par David Saint-Sernin Publi\u00e9 le 16 juil. 2025 \u00e0 17h49 \u00ab\u2009Qu\u2019est-ce que c\u2019est que cet idiot\u2009?\u2009\u00bb Sur France&hellip;\n","protected":false},"author":2,"featured_media":251651,"comment_status":"","ping_status":"","sticky":false,"template":"","format":"standard","meta":{"footnotes":""},"categories":[2816],"tags":[1111,11,1777,674,1011,27,12,2680,25,104,2312,2116],"class_list":{"0":"post-251650","1":"post","2":"type-post","3":"status-publish","4":"format-standard","5":"has-post-thumbnail","7":"category-toulouse","8":"tag-actu","9":"tag-actualites","10":"tag-eu","11":"tag-europe","12":"tag-fr","13":"tag-france","14":"tag-news","15":"tag-occitanie","16":"tag-republique-francaise","17":"tag-societe","18":"tag-toulouse","19":"tag-tour-de-france-2025"},"share_on_mastodon":{"url":"https:\/\/pubeurope.com\/@fr\/114863769126729471","error":""},"_links":{"self":[{"href":"https:\/\/www.europesays.com\/fr\/wp-json\/wp\/v2\/posts\/251650","targetHints":{"allow":["GET"]}}],"collection":[{"href":"https:\/\/www.europesays.com\/fr\/wp-json\/wp\/v2\/posts"}],"about":[{"href":"https:\/\/www.europesays.com\/fr\/wp-json\/wp\/v2\/types\/post"}],"author":[{"embeddable":true,"href":"https:\/\/www.europesays.com\/fr\/wp-json\/wp\/v2\/users\/2"}],"replies":[{"embeddable":true,"href":"https:\/\/www.europesays.com\/fr\/wp-json\/wp\/v2\/comments?post=251650"}],"version-history":[{"count":0,"href":"https:\/\/www.europesays.com\/fr\/wp-json\/wp\/v2\/posts\/251650\/revisions"}],"wp:featuredmedia":[{"embeddable":true,"href":"https:\/\/www.europesays.com\/fr\/wp-json\/wp\/v2\/media\/251651"}],"wp:attachment":[{"href":"https:\/\/www.europesays.com\/fr\/wp-json\/wp\/v2\/media?parent=251650"}],"wp:term":[{"taxonomy":"category","embeddable":true,"href":"https:\/\/www.europesays.com\/fr\/wp-json\/wp\/v2\/categories?post=251650"},{"taxonomy":"post_tag","embeddable":true,"href":"https:\/\/www.europesays.com\/fr\/wp-json\/wp\/v2\/tags?post=251650"}],"curies":[{"name":"wp","href":"https:\/\/api.w.org\/{rel}","templated":true}]}}