{"id":251656,"date":"2025-07-16T16:08:11","date_gmt":"2025-07-16T16:08:11","guid":{"rendered":"https:\/\/www.europesays.com\/fr\/251656\/"},"modified":"2025-07-16T16:08:11","modified_gmt":"2025-07-16T16:08:11","slug":"un-embouteillage-sur-plusieurs-kilometres","status":"publish","type":"post","link":"https:\/\/www.europesays.com\/fr\/251656\/","title":{"rendered":"un embouteillage sur plusieurs kilom\u00e8tres"},"content":{"rendered":"<p>Un feu de broussailles s&rsquo;est d\u00e9clar\u00e9 ce mercredi apr\u00e8s-midi, peu apr\u00e8s 17h, sur le terre-plein central sur l&rsquo;A50. L&rsquo;incendie a pris \u00e0 Aubagne, quasiment au niveau de la jonction avec l&rsquo;A502.\u00a0<\/p>\n<p>Une quinzaine de sapeurs-pompiers sont actuellement en intervention. Entre 500 et 600 m\u00b2 sont d\u00e9j\u00e0 partis en fum\u00e9e.\u00a0<\/p>\n<p>Un bouchon sur plusieurs kilom\u00e8tres<\/p>\n<p>Les flammes \u00e9tant positionn\u00e9es sur le terre-plein central, l&rsquo;intervention de secours entra\u00eene un fort bouchon sur l&rsquo;autoroute. La retenue remonte jusqu&rsquo;\u00e0 la sortie de l&rsquo;A507 (rocade L2) dans le sens Marseille-Aubagne. Dans l&rsquo;autre sens, la circulation est compliqu\u00e9e peu apr\u00e8s Roquefort-la-B\u00e9doule.<\/p>\n<p>En ce qui concerne une \u00e9ventuelle propagation de l&rsquo;incendie \u00e0 cause du vent, les pompiers sont optimistes mais restent prudents. \u00ab\u00a0Le risque z\u00e9ro n&rsquo;existe pas. En revanche, cela semble en bonne voie\u00a0\u00bb.<\/p>\n","protected":false},"excerpt":{"rendered":"Un feu de broussailles s&rsquo;est d\u00e9clar\u00e9 ce mercredi apr\u00e8s-midi, peu apr\u00e8s 17h, sur le terre-plein central sur l&rsquo;A50.&hellip;\n","protected":false},"author":2,"featured_media":251657,"comment_status":"","ping_status":"","sticky":false,"template":"","format":"standard","meta":{"footnotes":""},"categories":[2814],"tags":[17,1111,11,1102,37509,16742,21862,1777,674,1312,1011,27,4900,884,12,4072,882,16,25,3356],"class_list":{"0":"post-251656","1":"post","2":"type-post","3":"status-publish","4":"format-standard","5":"has-post-thumbnail","7":"category-marseille","8":"tag-17","9":"tag-actu","10":"tag-actualites","11":"tag-breakingnews","12":"tag-broussailles","13":"tag-daubagne","14":"tag-embouteillage","15":"tag-eu","16":"tag-europe","17":"tag-feu","18":"tag-fr","19":"tag-france","20":"tag-la50","21":"tag-marseille","22":"tag-news","23":"tag-niveau","24":"tag-provence-alpes-cote-dazur","25":"tag-region","26":"tag-republique-francaise","27":"tag-sur"},"share_on_mastodon":{"url":"https:\/\/pubeurope.com\/@fr\/114863780910376765","error":""},"_links":{"self":[{"href":"https:\/\/www.europesays.com\/fr\/wp-json\/wp\/v2\/posts\/251656","targetHints":{"allow":["GET"]}}],"collection":[{"href":"https:\/\/www.europesays.com\/fr\/wp-json\/wp\/v2\/posts"}],"about":[{"href":"https:\/\/www.europesays.com\/fr\/wp-json\/wp\/v2\/types\/post"}],"author":[{"embeddable":true,"href":"https:\/\/www.europesays.com\/fr\/wp-json\/wp\/v2\/users\/2"}],"replies":[{"embeddable":true,"href":"https:\/\/www.europesays.com\/fr\/wp-json\/wp\/v2\/comments?post=251656"}],"version-history":[{"count":0,"href":"https:\/\/www.europesays.com\/fr\/wp-json\/wp\/v2\/posts\/251656\/revisions"}],"wp:featuredmedia":[{"embeddable":true,"href":"https:\/\/www.europesays.com\/fr\/wp-json\/wp\/v2\/media\/251657"}],"wp:attachment":[{"href":"https:\/\/www.europesays.com\/fr\/wp-json\/wp\/v2\/media?parent=251656"}],"wp:term":[{"taxonomy":"category","embeddable":true,"href":"https:\/\/www.europesays.com\/fr\/wp-json\/wp\/v2\/categories?post=251656"},{"taxonomy":"post_tag","embeddable":true,"href":"https:\/\/www.europesays.com\/fr\/wp-json\/wp\/v2\/tags?post=251656"}],"curies":[{"name":"wp","href":"https:\/\/api.w.org\/{rel}","templated":true}]}}