{"id":251676,"date":"2025-07-16T16:19:10","date_gmt":"2025-07-16T16:19:10","guid":{"rendered":"https:\/\/www.europesays.com\/fr\/251676\/"},"modified":"2025-07-16T16:19:10","modified_gmt":"2025-07-16T16:19:10","slug":"lukraine-revendique-la-premiere-capture-de-soldats-ennemis-par-drones","status":"publish","type":"post","link":"https:\/\/www.europesays.com\/fr\/251676\/","title":{"rendered":"L\u2019Ukraine revendique la premi\u00e8re capture de soldats ennemis par drones"},"content":{"rendered":"\n<p>C\u2019est une affirmation qui a \u00e9t\u00e9 r\u00e9p\u00e9t\u00e9e maintes et maintes fois depuis le d\u00e9but du conflit, par les experts militaires comme par la presse g\u00e9n\u00e9raliste\u00a0: la guerre en Ukraine a marqu\u00e9 un tournant dans la fa\u00e7on de combattre, surtout \u00e0 travers l\u2019essor de l\u2019usage des drones, devenus des armes indispensables sur le terrain et de plus en plus autonomes. Dans ce contexte, des nouvelles r\u00e9centes arrivant de Kiev tendent \u00e0 corroborer cette analyse.<\/p>\n<p>Le 19\u00a0juin, en effet, <a class=\"ithalc\" data-ithal=\"lien_externe\" data-ithalc=\"[nav_article]\" target=\"_blank\" href=\"https:\/\/united24media.com\/latest-news\/ukrainian-drone-attack-turns-into-first-ever-drone-capture-of-russian-prisoner-video-9274\" rel=\"nofollow noopener\">le m\u00e9dia gouvernemental <strong>United 24<\/strong><\/a> a signal\u00e9 que \u201cpour la premi\u00e8re fois, un prisonnier russe a \u00e9t\u00e9 captur\u00e9 par un drone\u201d sans l\u2019intervention directe de l\u2019infanterie. Vid\u00e9o fournie par l\u2019arm\u00e9e \u00e0 l\u2019appui (visible ci-dessous sur le compte X d\u2019un contributeur de United 24), le site d\u2019information explique qu\u2019un op\u00e9rateur \u00e9tait en train de \u201cguider son drone vers sa cible, lorsqu\u2019un soldat russe a lev\u00e9 ses mains pour se rendre\u201d.<\/p>\n<p>Ainsi, \u201cau lieu d\u2019\u00e9liminer sa cible, le pilote a guid\u00e9 \u00e0 distance le soldat jusqu\u2019aux positions ukrainiennes, qui ont pris l\u2019homme en charge\u201d. L\u2019op\u00e9ration a \u00e9t\u00e9 men\u00e9e \u00e0 bien par un drone de type FPV (c\u2019est-\u00e0-dire pilot\u00e9 \u00e0 distance gr\u00e2ce \u00e0 une cam\u00e9ra embarqu\u00e9e), qui, dans le contexte du conflit ukrainien, est souvent \u00e9quip\u00e9 de charges explosives.<\/p>\n<p>Quelques jours plus tard, c\u2019est toujours <a class=\"ithalc\" data-ithal=\"lien_externe\" data-ithalc=\"[nav_article]\" target=\"_blank\" href=\"https:\/\/united24media.com\/latest-news\/ukrainian-drones-and-robots-capture-russian-soldiers-without-infantry-in-historic-operation-9736\" rel=\"nofollow noopener\">United 24\u00a0qui \u00e9voque<\/a> \u201cune op\u00e9ration historique\u201d des forces ukrainiennes. Celles-ci auraient captur\u00e9 cette fois non pas un, mais plusieurs soldats russes \u00e0 l\u2019aide d\u2019un drone et d\u2019un robot dans la r\u00e9gion de Kharkiv. Ainsi, raconte le m\u00e9dia ukrainien, \u201cdans un rapport dat\u00e9 du 9\u00a0juillet, les troupes du 2e\u00a0bataillon d\u2019assaut affirment avoir r\u00e9ussi \u00e0 s\u2019emparer de positions russes uniquement par le biais de drones FPV et de syst\u00e8mes robotis\u00e9s terrestres (SRG). Apr\u00e8s des frappes de drones sur les fortifications russes, l\u2019un des SRG s\u2019est approch\u00e9 d\u2019une tranch\u00e9e d\u00e9truite, et les Russes ont alors d\u00e9cid\u00e9 de se rendre. Les soldats survivants ont \u00e9t\u00e9 escort\u00e9s \u00e0 distance par drones vers la ligne de front ukrainienne o\u00f9 ils ont formellement \u00e9t\u00e9 faits prisonniers.\u201d<\/p>\n<p>               \u201cUne r\u00e9volution des approches tactiques\u201d       <\/p>\n<p>La nouvelle de cette attaque totalement robotis\u00e9e ayant men\u00e9 \u00e0 des captures a fait parler jusqu\u2019en Chine, puisque <a class=\"ithalc\" data-ithal=\"lien_externe\" data-ithalc=\"[nav_article]\" target=\"_blank\" href=\"https:\/\/www.globaltimes.cn\/page\/202507\/1338313.shtml\" rel=\"nofollow noopener\">le <strong>Global Times<\/strong> a rapport\u00e9<\/a> l\u2019information, en ajoutant des \u00e9l\u00e9ments de contexte. En r\u00e9alit\u00e9, selon ce quotidien chinois en anglais, \u201cla premi\u00e8re fois que des soldats se sont rendus \u00e0 un v\u00e9hicule sans \u00e9quipage remonte \u00e0\u00a01991, pendant la guerre du Golfe, lorsqu\u2019un drone Pioneer RQ-2A de la marine am\u00e9ricaine effectuait une mission de reconnaissance et lorsqu\u2019il passait \u00e0 basse altitude, 40\u00a0soldats irakiens sont apparus et ont manifest\u00e9 leur d\u00e9sir de se rendre\u201d.<\/p>\n<p>N\u00e9anmoins, le cas de figure n\u2019est pas exactement le m\u00eame, c\u2019est pourquoi le Global Times, qui a interview\u00e9 l\u2019expert militaire Fu Qianshao sur le sujet, n\u2019h\u00e9site pas \u00e0 reconna\u00eetre l\u2019importance de l\u2019\u00e9v\u00e9nement. Selon l\u2019homme, \u201ccompte tenu de l\u2019\u00e9volution actuelle de la guerre moderne et des technologies sans pilote, l\u2019utilisation tactique de drones pour capturer des combattants ennemis devient possible\u201d. Plus largement, conclut-il dans les colonnes du m\u00e9dia de P\u00e9kin, \u201cl\u2019utilisation croissante de drones a\u00e9riens et de robots terrestres est sur le point de transformer fondamentalement la guerre de demain, en modifiant la nature des conflits et en r\u00e9volutionnant les approches tactiques\u201d.<\/p>\n","protected":false},"excerpt":{"rendered":"C\u2019est une affirmation qui a \u00e9t\u00e9 r\u00e9p\u00e9t\u00e9e maintes et maintes fois depuis le d\u00e9but du conflit, par les&hellip;\n","protected":false},"author":2,"featured_media":251677,"comment_status":"","ping_status":"","sticky":false,"template":"","format":"standard","meta":{"footnotes":""},"categories":[1590],"tags":[11,2024,1777,674,1892,131,12,220],"class_list":{"0":"post-251676","1":"post","2":"type-post","3":"status-publish","4":"format-standard","5":"has-post-thumbnail","7":"category-ukraine","8":"tag-actualites","9":"tag-drones","10":"tag-eu","11":"tag-europe","12":"tag-gu00e9opolitique","13":"tag-guerre-en-ukraine","14":"tag-news","15":"tag-ukraine"},"share_on_mastodon":{"url":"","error":""},"_links":{"self":[{"href":"https:\/\/www.europesays.com\/fr\/wp-json\/wp\/v2\/posts\/251676","targetHints":{"allow":["GET"]}}],"collection":[{"href":"https:\/\/www.europesays.com\/fr\/wp-json\/wp\/v2\/posts"}],"about":[{"href":"https:\/\/www.europesays.com\/fr\/wp-json\/wp\/v2\/types\/post"}],"author":[{"embeddable":true,"href":"https:\/\/www.europesays.com\/fr\/wp-json\/wp\/v2\/users\/2"}],"replies":[{"embeddable":true,"href":"https:\/\/www.europesays.com\/fr\/wp-json\/wp\/v2\/comments?post=251676"}],"version-history":[{"count":0,"href":"https:\/\/www.europesays.com\/fr\/wp-json\/wp\/v2\/posts\/251676\/revisions"}],"wp:featuredmedia":[{"embeddable":true,"href":"https:\/\/www.europesays.com\/fr\/wp-json\/wp\/v2\/media\/251677"}],"wp:attachment":[{"href":"https:\/\/www.europesays.com\/fr\/wp-json\/wp\/v2\/media?parent=251676"}],"wp:term":[{"taxonomy":"category","embeddable":true,"href":"https:\/\/www.europesays.com\/fr\/wp-json\/wp\/v2\/categories?post=251676"},{"taxonomy":"post_tag","embeddable":true,"href":"https:\/\/www.europesays.com\/fr\/wp-json\/wp\/v2\/tags?post=251676"}],"curies":[{"name":"wp","href":"https:\/\/api.w.org\/{rel}","templated":true}]}}