{"id":251678,"date":"2025-07-16T16:20:15","date_gmt":"2025-07-16T16:20:15","guid":{"rendered":"https:\/\/www.europesays.com\/fr\/251678\/"},"modified":"2025-07-16T16:20:15","modified_gmt":"2025-07-16T16:20:15","slug":"ford-rappelle-700-000-vehicules-pour-un-defaut-lie-a-des-fuites-de-carburant","status":"publish","type":"post","link":"https:\/\/www.europesays.com\/fr\/251678\/","title":{"rendered":"Ford rappelle 700.000 v\u00e9hicules pour un d\u00e9faut li\u00e9 \u00e0 des fuites de carburant"},"content":{"rendered":"<p><img width=\"800\" height=\"391\" src=\"https:\/\/www.europesays.com\/fr\/wp-content\/uploads\/2025\/07\/Ford-e1752680959435.jpeg\" class=\"attachment-full size-full wp-post-image\" alt=\"Ford\" data-main-img=\"1\" decoding=\"async\" fetchpriority=\"high\"\/><\/p>\n<p>\t\t\tLe g\u00e9ant am\u00e9ricain de l\u2019automobile Ford a annonc\u00e9 mercredi le rappel de pr\u00e8s de 700.000 v\u00e9hicules pour un d\u00e9faut li\u00e9 \u00e0 des fuites de carburant.<\/p>\n<p style=\"text-align: justify;\">Il s\u2019agit d\u2019une action de service li\u00e9e aux injecteurs de carburant sur certains mod\u00e8les de v\u00e9hicules Bronco Sport des ann\u00e9es 2021-2024, Escape des ann\u00e9es 2020-2022, et Kuga des ann\u00e9es 2019-2024, a indiqu\u00e9 la compagnie. Selon la National Highway Traffic Safety Administration (NHTSA), \u00ab\u00a0l\u2019injecteur de carburant peut se fissurer et laisser fuir du carburant \u00e0 l\u2019int\u00e9rieur du compartiment moteur\u00a0\u00bb sur certains mod\u00e8les de SUV Ford \u00e9quip\u00e9s de moteurs de 1,5 l.<\/p>\n<p style=\"text-align: justify;\"><strong>Lire aussi :\u00a0<a style=\"color: #008000;\" href=\"https:\/\/maroc-diplomatique.net\/usa-tesla-lance-son-premier-taxi-sans-conducteur-au-texas\/\" target=\"_blank\" rel=\"noopener\">USA: Tesla lance son premier taxi sans conducteur au Texas<\/a><\/strong><\/p>\n<p style=\"text-align: justify;\">Un total de 694.271 v\u00e9hicules sont potentiellement affect\u00e9s. En guise de r\u00e9paration temporaire et en attendant une solution d\u00e9finitive, les concessionnaires mettront \u00e0 jour le logiciel de contr\u00f4le du moteur, signale la NHTSA.<\/p>\n<p style=\"text-align: justify;\">Selon plusieurs m\u00e9dias, cette op\u00e9ration de rappel devrait co\u00fbter \u00e0 Ford 570 millions de dollars.<\/p>\n<p style=\"text-align: justify;\">En cons\u00e9quence, l\u2019action de l\u2019entreprise bas\u00e9e au Michigan a recul\u00e9 de 1,9% dans les \u00e9changes \u00e9lectroniques avant l\u2019ouverture de la Bourse de New York.<\/p>\n<p style=\"text-align: justify;\">Avec MAP<\/p>\n","protected":false},"excerpt":{"rendered":"Le g\u00e9ant am\u00e9ricain de l\u2019automobile Ford a annonc\u00e9 mercredi le rappel de pr\u00e8s de 700.000 v\u00e9hicules pour un&hellip;\n","protected":false},"author":2,"featured_media":251679,"comment_status":"","ping_status":"","sticky":false,"template":"","format":"standard","meta":{"footnotes":""},"categories":[1589],"tags":[11,3534,73,1866,20722,12,39192,2659,1864,1865,1863,308,7727],"class_list":{"0":"post-251678","1":"post","2":"type-post","3":"status-publish","4":"format-standard","5":"has-post-thumbnail","7":"category-etats-unis","8":"tag-actualites","9":"tag-carburant","10":"tag-etats-unis","11":"tag-etats-unis-damerique","12":"tag-ford","13":"tag-news","14":"tag-nhtsa","15":"tag-suv","16":"tag-united-states","17":"tag-united-states-of-america","18":"tag-us","19":"tag-usa","20":"tag-vehicules"},"share_on_mastodon":{"url":"https:\/\/pubeurope.com\/@fr\/114863828133138175","error":""},"_links":{"self":[{"href":"https:\/\/www.europesays.com\/fr\/wp-json\/wp\/v2\/posts\/251678","targetHints":{"allow":["GET"]}}],"collection":[{"href":"https:\/\/www.europesays.com\/fr\/wp-json\/wp\/v2\/posts"}],"about":[{"href":"https:\/\/www.europesays.com\/fr\/wp-json\/wp\/v2\/types\/post"}],"author":[{"embeddable":true,"href":"https:\/\/www.europesays.com\/fr\/wp-json\/wp\/v2\/users\/2"}],"replies":[{"embeddable":true,"href":"https:\/\/www.europesays.com\/fr\/wp-json\/wp\/v2\/comments?post=251678"}],"version-history":[{"count":0,"href":"https:\/\/www.europesays.com\/fr\/wp-json\/wp\/v2\/posts\/251678\/revisions"}],"wp:featuredmedia":[{"embeddable":true,"href":"https:\/\/www.europesays.com\/fr\/wp-json\/wp\/v2\/media\/251679"}],"wp:attachment":[{"href":"https:\/\/www.europesays.com\/fr\/wp-json\/wp\/v2\/media?parent=251678"}],"wp:term":[{"taxonomy":"category","embeddable":true,"href":"https:\/\/www.europesays.com\/fr\/wp-json\/wp\/v2\/categories?post=251678"},{"taxonomy":"post_tag","embeddable":true,"href":"https:\/\/www.europesays.com\/fr\/wp-json\/wp\/v2\/tags?post=251678"}],"curies":[{"name":"wp","href":"https:\/\/api.w.org\/{rel}","templated":true}]}}