{"id":251690,"date":"2025-07-16T16:26:11","date_gmt":"2025-07-16T16:26:11","guid":{"rendered":"https:\/\/www.europesays.com\/fr\/251690\/"},"modified":"2025-07-16T16:26:11","modified_gmt":"2025-07-16T16:26:11","slug":"en-alsace-et-en-moselle-il-y-aura-toujours-11-jours-chomes-malgre-la-proposition-de-francois-bayrou","status":"publish","type":"post","link":"https:\/\/www.europesays.com\/fr\/251690\/","title":{"rendered":"en Alsace et en Moselle, il y aura toujours 11 jours ch\u00f4m\u00e9s malgr\u00e9 la proposition de Fran\u00e7ois Bayrou"},"content":{"rendered":"<p>        <img decoding=\"async\" loading=\"lazy\" src=\"https:\/\/www.europesays.com\/fr\/wp-content\/uploads\/2025\/07\/dedb07a_1729447017997-000-366x4kc.jpg\"  width=\"728\" height=\"410\" alt=\"En Alsace et en Moselle, deux jours f\u00e9ri\u00e9s suppl\u00e9mentaires perdurent depuis la fin du XIXe si\u00e8cle. \"\/>  <\/p>\n<p>ABDESSLAM MIRDASS \/ AFP<\/p>\n<p>En Alsace et en Moselle, deux jours f\u00e9ri\u00e9s suppl\u00e9mentaires perdurent depuis la fin du XIXe si\u00e8cle. <\/p>\n<p class=\"asset asset-text\">FRANCE &#8211; Un privil\u00e8ge pour quelques irr\u00e9ductibles Fran\u00e7ais. Mais jusqu\u2019\u00e0 quand\u00a0? En souhaitant supprimer deux jours f\u00e9ri\u00e9s \u2013 par exemple le lundi de P\u00e2ques, \u00ab\u00a0qui n\u2019a plus de signification religieuse\u00a0\u00bb, ou le 8\u00a0mai, \u00ab\u00a0dans un mois devenu un gruy\u00e8re\u00a0\u00bb \u2013, le Premier ministre <a href=\"https:\/\/www.huffingtonpost.fr\/economie\/article\/les-annonces-de-francois-bayrou-sur-le-budget-2026-font-aussi-quelques-heureux_252630.html\" target=\"_blank\" rel=\"noopener\">Fran\u00e7ois Bayrou<\/a> a provoqu\u00e9 un vif d\u00e9bat dans l\u2019Hexagone.<\/p>\n<p class=\"asset asset-text\">Mais si <a href=\"https:\/\/www.huffingtonpost.fr\/politique\/video\/supprimer-deux-jours-feries-les-ministres-tentent-de-calmer-le-jeu-apres-les-annonces-de-francois-bayrou_252641.html\" target=\"_blank\" rel=\"noopener\">la volont\u00e9 de supprimer deux jours f\u00e9ri\u00e9s<\/a> ne pla\u00eet pas \u00e0 tout le monde, cette proposition aura sans doute moins d\u2019impact dans certaines r\u00e9gions que dans d\u2019autres\u2026 \u00e0 condition que la proposition de Fran\u00e7ois Bayrou soit finalement valid\u00e9e par le Parlement.<\/p>\n<p class=\"asset asset-text\">Car <a href=\"https:\/\/www.huffingtonpost.fr\/insolite\/article\/le-record-du-plus-grand-bretzel-humain-battu-par-des-alsaciens-a-schiltigheim_234585.html\" target=\"_blank\" rel=\"noopener\" title=\"Nouvelle fen\u00eatre\">en Alsace<\/a> et <a href=\"https:\/\/www.huffingtonpost.fr\/politique\/article\/l-etonnante-histoire-d-un-elu-de-moselle-empeche-de-sieger-car-demissionnaire-malgre-lui_249601.html\" target=\"_blank\" rel=\"noopener\" title=\"Nouvelle fen\u00eatre\">en Moselle<\/a>, la suppression de deux jours f\u00e9ri\u00e9s dans l\u2019ann\u00e9e aura moins d\u2019impact qu\u2019ailleurs. Dans cette hypoth\u00e8se, ces deux d\u00e9partements conserveraient 11\u00a0jours f\u00e9ri\u00e9s contre seulement 9\u00a0pour le reste du pays. Comme le rappelle <a href=\"https:\/\/www.leparisien.fr\/economie\/budget-2026-pourquoi-lalsace-et-la-moselle-auront-toujours-11-jours-feries-16-07-2025-M4ZAN2I43RBJDDLNGWJWHWTWQE.php\" target=\"_blank\" rel=\"noopener\" title=\"Nouvelle fen\u00eatre\">Le Parisien<\/a> ce mercredi 16\u00a0juillet, les trois d\u00e9partements de l\u2019Est\u00a0ont deux jours ch\u00f4m\u00e9s suppl\u00e9mentaires chaque ann\u00e9e\u00a0: le 26\u00a0d\u00e9cembre pour la Saint-\u00c9tienne et <a href=\"https:\/\/www.huffingtonpost.fr\/life\/article\/le-careme-gagne-en-popularite-chez-les-jeunes-et-les-reseaux-sociaux-n-y-sont-pas-pour-rien-clx1_247039.html\" target=\"_blank\" rel=\"noopener\" title=\"Nouvelle fen\u00eatre\">le Vendredi Saint<\/a>, qui tombait en 2025\u00a0le vendredi 18\u00a0avril.<\/p>\n<p class=\"asset asset-text\">Pour comprendre ce traitement de faveur, il faut remonter jusqu\u2019en 1892, \u00e9poque durant laquelle ces deux jours f\u00e9ri\u00e9s ont \u00e9t\u00e9 instaur\u00e9s \u00ab\u00a0par les autorit\u00e9s allemandes\u00a0\u00bb, comme l\u2019explique au journal Beno\u00eet Vaillot, haut fonctionnaire et historien \u00e0 l\u2019Universit\u00e9 de Strasbourg. Cette sp\u00e9cificit\u00e9 concernait alors les \u00ab\u00a0communes qui disposaient d\u2019un temple protestant ou d\u2019une \u00e9glise mixte (une \u00e9glise \u00e0 la fois occup\u00e9e par les catholiques et par les protestants), pour le Vendredi Saint\u00a0\u00bb. Mais pour la Saint-\u00c9tienne, la mesure s\u2019appliquait en revanche \u00ab\u00a0pour tous\u00a0\u00bb.<\/p>\n<p class=\"asset asset-text\">\u00c0 l\u2019\u00e9poque, l\u2019Allemagne cherchait en effet \u00e0 \u00ab\u00a0aligner\u00a0\u00bb l\u2019Alsace et la Moselle sur les pratiques en place dans les terres protestantes de son territoire. Avec comme double objectif de \u00ab\u00a0mieux se faire accepter\u00a0\u00bb et de \u00ab\u00a0r\u00e9compenser les Luth\u00e9riens et d\u2019int\u00e9grer les R\u00e9form\u00e9s\u00a0\u00bb, explique le sp\u00e9cialiste. \u00ab\u00a0Les Luth\u00e9riens, du nord de l\u2019Alsace et \u00e0 Strasbourg, \u00e9taient de loin les plus favorables \u00e0 la domination allemande pendant l\u2019annexion, mais les r\u00e9form\u00e9s, qui sont plut\u00f4t situ\u00e9s autour de Mulhouse, \u00e9taient les plus hostiles.\u00a0\u00bb<\/p>\n<p class=\"asset asset-text\">Apr\u00e8s la <a href=\"https:\/\/www.huffingtonpost.fr\/politique\/article\/11-novembre-le-bleuet-de-france-cette-fleur-symbole-qui-refleurit-a-chaque-commemoration_225608.html\" target=\"_blank\" rel=\"noopener\">Premi\u00e8re Guerre mondiale<\/a> et le retour dans le giron fran\u00e7ais de l\u2019Alsace et la Moselle, ces deux traditions ont \u00e9t\u00e9 conserv\u00e9es. Non sans difficult\u00e9. Car \u00ab\u00a0les Fran\u00e7ais ont voulu supprimer ces particularit\u00e9s r\u00e9gionales pour appliquer la loi de 1905\u00a0\u00bb sur la s\u00e9paration des \u00c9glises et l\u2019\u00c9tat.<\/p>\n<p class=\"asset asset-text\">Il aura fallu une mobilisation g\u00e9n\u00e9rale de la population alsacienne mais aussi de la population catholique hexagonale pour que cette tradition perdure. Ils \u00ab\u00a0ont demand\u00e9 qu\u2019on conserve cette singularit\u00e9, ils ne voulaient pas rouvrir une guerre entre l\u2019\u00c9tat et les catholiques\u00a0\u00bb, d\u00e9veloppe Beno\u00eet Vaillot, qui milite \u00e0 titre personnel pour la suppression de cette exception. Son principal argument\u00a0? Mettre les habitants de ces territoires \u00ab\u00a0\u00e0 \u00e9galit\u00e9\u00a0\u00bb avec le reste des Fran\u00e7ais. Mais pas s\u00fbr que les Alsaciens et les Mosellans le voit du m\u00eame \u0153il.<\/p>\n","protected":false},"excerpt":{"rendered":"ABDESSLAM MIRDASS \/ AFP En Alsace et en Moselle, deux jours f\u00e9ri\u00e9s suppl\u00e9mentaires perdurent depuis la fin du&hellip;\n","protected":false},"author":2,"featured_media":251691,"comment_status":"","ping_status":"","sticky":false,"template":"","format":"standard","meta":{"footnotes":""},"categories":[2],"tags":[11,672,2389,1011,27,11207,5599,12,316,25],"class_list":{"0":"post-251690","1":"post","2":"type-post","3":"status-publish","4":"format-standard","5":"has-post-thumbnail","7":"category-actualites","8":"tag-actualites","9":"tag-allemagne","10":"tag-alsace","11":"tag-fr","12":"tag-france","13":"tag-jour-ferie","14":"tag-moselle","15":"tag-news","16":"tag-politique","17":"tag-republique-francaise"},"share_on_mastodon":{"url":"https:\/\/pubeurope.com\/@fr\/114863852076956592","error":""},"_links":{"self":[{"href":"https:\/\/www.europesays.com\/fr\/wp-json\/wp\/v2\/posts\/251690","targetHints":{"allow":["GET"]}}],"collection":[{"href":"https:\/\/www.europesays.com\/fr\/wp-json\/wp\/v2\/posts"}],"about":[{"href":"https:\/\/www.europesays.com\/fr\/wp-json\/wp\/v2\/types\/post"}],"author":[{"embeddable":true,"href":"https:\/\/www.europesays.com\/fr\/wp-json\/wp\/v2\/users\/2"}],"replies":[{"embeddable":true,"href":"https:\/\/www.europesays.com\/fr\/wp-json\/wp\/v2\/comments?post=251690"}],"version-history":[{"count":0,"href":"https:\/\/www.europesays.com\/fr\/wp-json\/wp\/v2\/posts\/251690\/revisions"}],"wp:featuredmedia":[{"embeddable":true,"href":"https:\/\/www.europesays.com\/fr\/wp-json\/wp\/v2\/media\/251691"}],"wp:attachment":[{"href":"https:\/\/www.europesays.com\/fr\/wp-json\/wp\/v2\/media?parent=251690"}],"wp:term":[{"taxonomy":"category","embeddable":true,"href":"https:\/\/www.europesays.com\/fr\/wp-json\/wp\/v2\/categories?post=251690"},{"taxonomy":"post_tag","embeddable":true,"href":"https:\/\/www.europesays.com\/fr\/wp-json\/wp\/v2\/tags?post=251690"}],"curies":[{"name":"wp","href":"https:\/\/api.w.org\/{rel}","templated":true}]}}