{"id":251692,"date":"2025-07-16T16:27:19","date_gmt":"2025-07-16T16:27:19","guid":{"rendered":"https:\/\/www.europesays.com\/fr\/251692\/"},"modified":"2025-07-16T16:27:19","modified_gmt":"2025-07-16T16:27:19","slug":"tour-de-france-le-classement-general-apres-la-11e-etape-ben-healy-toujours-en-jaune","status":"publish","type":"post","link":"https:\/\/www.europesays.com\/fr\/251692\/","title":{"rendered":"Tour de France\u00a0: le classement g\u00e9n\u00e9ral apr\u00e8s la 11e \u00e9tape, Ben Healy toujours en jaune"},"content":{"rendered":"<p class=\"paragraph text_align_left lp-f-body-02\">Pas de changement au classement g\u00e9n\u00e9ral <a href=\"https:\/\/www.leparisien.fr\/sports\/cyclisme\/tour-de-france\/\" target=\"_blank\" rel=\"noreferrer nofollow noopener\">du Tour de France<\/a>. Malgr\u00e9 une chute dans la descente de la c\u00f4te de Pech David, Tadej Pogacar a \u00e9t\u00e9 attendu par ses adversaires et n\u2019a pas perdu la moindre seconde. Il pointe toujours \u00e0 la deuxi\u00e8me place derri\u00e8re <a href=\"https:\/\/www.leparisien.fr\/sports\/cyclisme\/tour-de-france\/il-a-une-telle-capacite-de-resistance-le-destin-dore-de-ben-healy-rouleur-infatigable-et-maillot-jaune-14-07-2025-UCMWS4SYGRBWDBWRTGWBTR7PR4.php\" target=\"_blank\" rel=\"noreferrer nofollow noopener\">Ben Healy<\/a>, qui reste en jaune.<\/p>\n<p class=\"paragraph text_align_left lp-f-body-02\">Malgr\u00e9 une acc\u00e9l\u00e9ration dans la derni\u00e8re ascension, <a href=\"https:\/\/www.leparisien.fr\/sports\/cyclisme\/tour-de-france\/comme-dans-un-stade-de-foot-il-faut-donner-au-public-kevin-vauquelin-le-plaisir-en-partage-sur-le-tour-de-france-15-07-2025-ILATMYTMQ5HZDO6ROMTYRZHXPA.php\" target=\"_blank\" rel=\"noreferrer nofollow noopener\">Kevin Vauquelin<\/a> n\u2019est pas parvenu \u00e0 prendre des pr\u00e9cieuses secondes face aux leaders. Il reste \u00e0 la 6e place.<\/p>\n<p class=\"paragraph text_align_left lp-f-body-02\"><b>Le classement g\u00e9n\u00e9ral :<\/b><\/p>\n<p class=\"paragraph text_align_left lp-f-body-02\">1. Ben Healy (EF Education-EasyPost) en 41h01\u203213\u2033<\/p>\n<p class=\"paragraph text_align_left lp-f-body-02\">2. Tadej Pogacar (UAE-Emirates) \u00e0 29\u2033<\/p>\n<p class=\"paragraph text_align_left lp-f-body-02\">3. Remco Evenepoel (Soudal-Quick Step) \u00e0 1\u203229\u2033<\/p>\n<p class=\"paragraph text_align_left lp-f-body-02\">4. Jonas Vingegaard (Visma-Lease a Bike) \u00e0 1\u203246\u2033<\/p>\n<p class=\"paragraph text_align_left lp-f-body-02\">5. Matteo Jorgenson (Visma-Lease a Bike) \u00e0 2\u203206\u2033<\/p>\n<p class=\"paragraph text_align_left lp-f-body-02\"><b>6. K\u00e9vin Vauquelin (Ark\u00e9a-B&amp;B Hotels) \u00e0 2\u203226\u2033<\/b><\/p>\n<p class=\"paragraph text_align_left lp-f-body-02\">7. Oscar Onley (Picnic-PostNL) \u00e0 3\u203224\u2033<\/p>\n<p class=\"paragraph text_align_left lp-f-body-02\">8. Florian Lipowitz (Red Bull-Bora) \u00e0 3\u203234\u2033<\/p>\n<p class=\"paragraph text_align_left lp-f-body-02\">9. Primoz Roglic (Red Bull-Bora) \u00e0 3\u203241\u2033<\/p>\n<p class=\"paragraph text_align_left lp-f-body-02\">10. Tobias Johannessen (Uno-X) \u00e0 5\u203203\u2033<\/p>\n<p class=\"paragraph text_align_left lp-f-body-02\">\u2026<\/p>\n<p class=\"paragraph text_align_left lp-f-body-02\"><b>14. Jordan Jegat (TotalEnergies) \u00e0 6\u203232\u2033<\/b><\/p>\n<p class=\"paragraph text_align_left lp-f-body-02\"><b>15. Guillaume Martin-Guyonnet (Groupama-FDJ) \u00e0 10\u203244\u2033<\/b><\/p>\n<p class=\"paragraph text_align_left lp-f-body-02\"><b>Le classement de meilleur grimpeur :<\/b><\/p>\n<p class=\"paragraph text_align_left lp-f-body-02\"><b>1. Lenny Martinez (Bahrain-Victorious), 27 points<\/b><\/p>\n<p class=\"paragraph text_align_left lp-f-body-02\">2. Ben Healy (EF Education-EasyPost) , 16 points<\/p>\n<p class=\"paragraph text_align_left lp-f-body-02\">3. Michael Woods (Isra\u00ebl-Premier Tech), 11 points<\/p>\n<p class=\"paragraph text_align_left lp-f-body-02\"><b>Le classement par points :<\/b><\/p>\n<p class=\"paragraph text_align_left lp-f-body-02\">1. Jonathan Milan (Lidl-Trek), 231 points<\/p>\n<p class=\"paragraph text_align_left lp-f-body-02\">2. Tadej Pogacar (UAE-Emirates), 163 points<\/p>\n<p class=\"paragraph text_align_left lp-f-body-02\">3. Mathieu Van der Poel (Alpecin-Deceuninck), 156 points<\/p>\n<p class=\"paragraph text_align_left lp-f-body-02\"><b>Le classement de meilleur jeune :<\/b><\/p>\n<p class=\"paragraph text_align_left lp-f-body-02\">1. Ben Healy (EF Education-EasyPost) en 37h41\u203249\u2033<\/p>\n<p class=\"paragraph text_align_left lp-f-body-02\">2. Remco Evenepoel (Soudal-Quick Step) \u00e0 1\u203229\u2033<\/p>\n<p class=\"paragraph text_align_left lp-f-body-02\"><b>3. K\u00e9vin Vauquelin (Ark\u00e9a-B&amp;B Hotels) \u00e0 2\u203226\u2033<\/b><\/p>\n","protected":false},"excerpt":{"rendered":"Pas de changement au classement g\u00e9n\u00e9ral du Tour de France. Malgr\u00e9 une chute dans la descente de la&hellip;\n","protected":false},"author":2,"featured_media":251693,"comment_status":"","ping_status":"","sticky":false,"template":"","format":"standard","meta":{"footnotes":""},"categories":[4],"tags":[11,207,1011,27,12,25,60,210],"class_list":{"0":"post-251692","1":"post","2":"type-post","3":"status-publish","4":"format-standard","5":"has-post-thumbnail","7":"category-france","8":"tag-actualites","9":"tag-cyclisme","10":"tag-fr","11":"tag-france","12":"tag-news","13":"tag-republique-francaise","14":"tag-sports","15":"tag-tour-de-france"},"share_on_mastodon":{"url":"https:\/\/pubeurope.com\/@fr\/114863855569693184","error":""},"_links":{"self":[{"href":"https:\/\/www.europesays.com\/fr\/wp-json\/wp\/v2\/posts\/251692","targetHints":{"allow":["GET"]}}],"collection":[{"href":"https:\/\/www.europesays.com\/fr\/wp-json\/wp\/v2\/posts"}],"about":[{"href":"https:\/\/www.europesays.com\/fr\/wp-json\/wp\/v2\/types\/post"}],"author":[{"embeddable":true,"href":"https:\/\/www.europesays.com\/fr\/wp-json\/wp\/v2\/users\/2"}],"replies":[{"embeddable":true,"href":"https:\/\/www.europesays.com\/fr\/wp-json\/wp\/v2\/comments?post=251692"}],"version-history":[{"count":0,"href":"https:\/\/www.europesays.com\/fr\/wp-json\/wp\/v2\/posts\/251692\/revisions"}],"wp:featuredmedia":[{"embeddable":true,"href":"https:\/\/www.europesays.com\/fr\/wp-json\/wp\/v2\/media\/251693"}],"wp:attachment":[{"href":"https:\/\/www.europesays.com\/fr\/wp-json\/wp\/v2\/media?parent=251692"}],"wp:term":[{"taxonomy":"category","embeddable":true,"href":"https:\/\/www.europesays.com\/fr\/wp-json\/wp\/v2\/categories?post=251692"},{"taxonomy":"post_tag","embeddable":true,"href":"https:\/\/www.europesays.com\/fr\/wp-json\/wp\/v2\/tags?post=251692"}],"curies":[{"name":"wp","href":"https:\/\/api.w.org\/{rel}","templated":true}]}}