{"id":251694,"date":"2025-07-16T16:28:10","date_gmt":"2025-07-16T16:28:10","guid":{"rendered":"https:\/\/www.europesays.com\/fr\/251694\/"},"modified":"2025-07-16T16:28:10","modified_gmt":"2025-07-16T16:28:10","slug":"scottie-scheffler-pour-un-double-en-2025-rory-mcilroy-pour-laver-laffront-de-2019-nos-favoris-pour-le-153e-british-open","status":"publish","type":"post","link":"https:\/\/www.europesays.com\/fr\/251694\/","title":{"rendered":"Scottie Scheffler pour un doubl\u00e9 en 2025, Rory McIlroy pour laver l&rsquo;affront de 2019&#8230; Nos favoris pour le 153e British Open"},"content":{"rendered":"\n<p>Scottie Scheffler pour un doubl\u00e9 en 2025, Rory McIlroy pour laver l&rsquo;affront de 2019&#8230; Nos favoris pour le 153e British Open<\/p>\n<p>Avec 156 joueurs au d\u00e9part du British Open, la liste des favoris est logiquement conduite par les deux leaders du classement mondial, le n\u00b01 Scottie Scheffler, qui vise un doubl\u00e9 en Grand Chelem apr\u00e8s son succ\u00e8s au PGA Championship, et son dauphin Rory McIlroy, titr\u00e9 au Masters.<\/p>\n","protected":false},"excerpt":{"rendered":"Scottie Scheffler pour un doubl\u00e9 en 2025, Rory McIlroy pour laver l&rsquo;affront de 2019&#8230; Nos favoris pour le&hellip;\n","protected":false},"author":2,"featured_media":251695,"comment_status":"","ping_status":"","sticky":false,"template":"","format":"standard","meta":{"footnotes":""},"categories":[1418],"tags":[1011,27,1472,60],"class_list":{"0":"post-251694","1":"post","2":"type-post","3":"status-publish","4":"format-standard","5":"has-post-thumbnail","7":"category-golf","8":"tag-fr","9":"tag-france","10":"tag-golf","11":"tag-sports"},"share_on_mastodon":{"url":"https:\/\/pubeurope.com\/@fr\/114863859487816683","error":""},"_links":{"self":[{"href":"https:\/\/www.europesays.com\/fr\/wp-json\/wp\/v2\/posts\/251694","targetHints":{"allow":["GET"]}}],"collection":[{"href":"https:\/\/www.europesays.com\/fr\/wp-json\/wp\/v2\/posts"}],"about":[{"href":"https:\/\/www.europesays.com\/fr\/wp-json\/wp\/v2\/types\/post"}],"author":[{"embeddable":true,"href":"https:\/\/www.europesays.com\/fr\/wp-json\/wp\/v2\/users\/2"}],"replies":[{"embeddable":true,"href":"https:\/\/www.europesays.com\/fr\/wp-json\/wp\/v2\/comments?post=251694"}],"version-history":[{"count":0,"href":"https:\/\/www.europesays.com\/fr\/wp-json\/wp\/v2\/posts\/251694\/revisions"}],"wp:featuredmedia":[{"embeddable":true,"href":"https:\/\/www.europesays.com\/fr\/wp-json\/wp\/v2\/media\/251695"}],"wp:attachment":[{"href":"https:\/\/www.europesays.com\/fr\/wp-json\/wp\/v2\/media?parent=251694"}],"wp:term":[{"taxonomy":"category","embeddable":true,"href":"https:\/\/www.europesays.com\/fr\/wp-json\/wp\/v2\/categories?post=251694"},{"taxonomy":"post_tag","embeddable":true,"href":"https:\/\/www.europesays.com\/fr\/wp-json\/wp\/v2\/tags?post=251694"}],"curies":[{"name":"wp","href":"https:\/\/api.w.org\/{rel}","templated":true}]}}