{"id":251696,"date":"2025-07-16T16:29:15","date_gmt":"2025-07-16T16:29:15","guid":{"rendered":"https:\/\/www.europesays.com\/fr\/251696\/"},"modified":"2025-07-16T16:29:15","modified_gmt":"2025-07-16T16:29:15","slug":"volley-ball-play-offs-des-championnats-les-affiches-connues-chez-les-dames-et-les-messieurs","status":"publish","type":"post","link":"https:\/\/www.europesays.com\/fr\/251696\/","title":{"rendered":"Volley-ball \u2013 Play-offs des Championnats : Les affiches connues chez les dames et les messieurs"},"content":{"rendered":"<p data-start=\"194\" data-end=\"400\">Les choses se pr\u00e9cisent pour les Championnats nationaux de volley-ball. \u00c0 l\u2019issue des phases \u00e9liminatoires disput\u00e9es en zones ce week-end, les \u00e9quipes qualifi\u00e9es pour les play-offs sont d\u00e9sormais connues, nous informe Record.<\/p>\n<p data-start=\"402\" data-end=\"717\">Chez les hommes, le carr\u00e9 d\u2019as est compos\u00e9 de l\u2019ASFA, de l\u2019ASC Ville de Dakar, de l\u2019UGB et de Kobos. Du c\u00f4t\u00e9 des dames, les formations retenues sont Santhiaba VBC, Sococim, l\u2019ASFA et l\u2019ASC Ville de Dakar. Ces \u00e9quipes se disputeront les places en finale lors des play-offs qui se tiendront dans une dizaine de jours.<\/p>\n<p data-start=\"719\" data-end=\"1019\">Ces matchs couperets auront lieu \u00e0 Saint-Louis, du 23 au 28 juillet 2025, dans le cadre du Tournoi de la S\u00e9n\u00e9gambie, organis\u00e9 en hommage \u00e0 feu Assane Kane Diallo. L\u2019\u00e9v\u00e9nement servira notamment de cadre pour effectuer le tirage au sort des demi-finales crois\u00e9es des play-offs du championnat 2024-2025.<\/p>\n<p data-start=\"1021\" data-end=\"1335\">Sur le plan international, le S\u00e9n\u00e9gal sera \u00e9galement en lice dans ce tournoi r\u00e9gional. En gar\u00e7ons, l\u2019UGB et l\u2019ASC Ville de Dakar d\u00e9fendront les couleurs nationales, tandis que chez les dames, Sococim et l\u2019ISEG repr\u00e9senteront le pays. Ils affronteront des clubs venus de Gambie dans un esprit de brassage sportif.<\/p>\n<p data-start=\"1337\" data-end=\"1531\" data-is-last-node=\"\" data-is-only-node=\"\">En parall\u00e8le, des comp\u00e9titions de beach-volley sont \u00e9galement pr\u00e9vues sur la plage de l\u2019Hydrobase de Saint-Louis, promettant une belle f\u00eate du volley-ball sous le signe de l\u2019unit\u00e9 s\u00e9n\u00e9gambienne.<\/p>\n<p data-start=\"1337\" data-end=\"1531\" data-is-last-node=\"\" data-is-only-node=\"\">wiwsport.com<\/p>\n","protected":false},"excerpt":{"rendered":"Les choses se pr\u00e9cisent pour les Championnats nationaux de volley-ball. \u00c0 l\u2019issue des phases \u00e9liminatoires disput\u00e9es en zones&hellip;\n","protected":false},"author":2,"featured_media":251697,"comment_status":"","ping_status":"","sticky":false,"template":"","format":"standard","meta":{"footnotes":""},"categories":[1417],"tags":[1011,27,60,1470,1469],"class_list":{"0":"post-251696","1":"post","2":"type-post","3":"status-publish","4":"format-standard","5":"has-post-thumbnail","7":"category-volley","8":"tag-fr","9":"tag-france","10":"tag-sports","11":"tag-volley","12":"tag-volleyball"},"share_on_mastodon":{"url":"https:\/\/pubeurope.com\/@fr\/114863863432167875","error":""},"_links":{"self":[{"href":"https:\/\/www.europesays.com\/fr\/wp-json\/wp\/v2\/posts\/251696","targetHints":{"allow":["GET"]}}],"collection":[{"href":"https:\/\/www.europesays.com\/fr\/wp-json\/wp\/v2\/posts"}],"about":[{"href":"https:\/\/www.europesays.com\/fr\/wp-json\/wp\/v2\/types\/post"}],"author":[{"embeddable":true,"href":"https:\/\/www.europesays.com\/fr\/wp-json\/wp\/v2\/users\/2"}],"replies":[{"embeddable":true,"href":"https:\/\/www.europesays.com\/fr\/wp-json\/wp\/v2\/comments?post=251696"}],"version-history":[{"count":0,"href":"https:\/\/www.europesays.com\/fr\/wp-json\/wp\/v2\/posts\/251696\/revisions"}],"wp:featuredmedia":[{"embeddable":true,"href":"https:\/\/www.europesays.com\/fr\/wp-json\/wp\/v2\/media\/251697"}],"wp:attachment":[{"href":"https:\/\/www.europesays.com\/fr\/wp-json\/wp\/v2\/media?parent=251696"}],"wp:term":[{"taxonomy":"category","embeddable":true,"href":"https:\/\/www.europesays.com\/fr\/wp-json\/wp\/v2\/categories?post=251696"},{"taxonomy":"post_tag","embeddable":true,"href":"https:\/\/www.europesays.com\/fr\/wp-json\/wp\/v2\/tags?post=251696"}],"curies":[{"name":"wp","href":"https:\/\/api.w.org\/{rel}","templated":true}]}}