{"id":251698,"date":"2025-07-16T16:30:16","date_gmt":"2025-07-16T16:30:16","guid":{"rendered":"https:\/\/www.europesays.com\/fr\/251698\/"},"modified":"2025-07-16T16:30:16","modified_gmt":"2025-07-16T16:30:16","slug":"fabien-galthie-le-coach-des-bleus-a-quelques-jours-du-3e-test-face-aux-all-blacks","status":"publish","type":"post","link":"https:\/\/www.europesays.com\/fr\/251698\/","title":{"rendered":"Fabien Galthi\u00e9, le coach des Bleus, \u00e0 quelques jours du 3e test face aux All Blacks"},"content":{"rendered":"\n<p>\u00ab\u00a0Arr\u00eatez de r\u00e9citer, jouez\u00a0!\u00a0\u00bb\u00a0: Fabien Galthi\u00e9, le coach des Bleus, \u00e0 quelques jours du 3e test face aux All Blacks<\/p>\n<p>\u00c0 l&rsquo;image de la consigne du s\u00e9lectionneur de l&rsquo;\u00e9quipe de France lors de l&rsquo;entra\u00eenement, les Bleus sont appel\u00e9s \u00e0 mieux se pr\u00e9parer \u00e0 ce que leur oppose l&rsquo;adversaire s&rsquo;ils veulent avoir une chance de gagner, ce samedi (9\u00a0h\u00a005), le troisi\u00e8me et dernier test face \u00e0 la Nouvelle-Z\u00e9lande.<\/p>\n","protected":false},"excerpt":{"rendered":"\u00ab\u00a0Arr\u00eatez de r\u00e9citer, jouez\u00a0!\u00a0\u00bb\u00a0: Fabien Galthi\u00e9, le coach des Bleus, \u00e0 quelques jours du 3e test face aux&hellip;\n","protected":false},"author":2,"featured_media":251699,"comment_status":"","ping_status":"","sticky":false,"template":"","format":"standard","meta":{"footnotes":""},"categories":[1416],"tags":[1011,27,479,1468,60],"class_list":{"0":"post-251698","1":"post","2":"type-post","3":"status-publish","4":"format-standard","5":"has-post-thumbnail","7":"category-rugby","8":"tag-fr","9":"tag-france","10":"tag-rugby","11":"tag-rugby-football","12":"tag-sports"},"share_on_mastodon":{"url":"https:\/\/pubeurope.com\/@fr\/114863867398785408","error":""},"_links":{"self":[{"href":"https:\/\/www.europesays.com\/fr\/wp-json\/wp\/v2\/posts\/251698","targetHints":{"allow":["GET"]}}],"collection":[{"href":"https:\/\/www.europesays.com\/fr\/wp-json\/wp\/v2\/posts"}],"about":[{"href":"https:\/\/www.europesays.com\/fr\/wp-json\/wp\/v2\/types\/post"}],"author":[{"embeddable":true,"href":"https:\/\/www.europesays.com\/fr\/wp-json\/wp\/v2\/users\/2"}],"replies":[{"embeddable":true,"href":"https:\/\/www.europesays.com\/fr\/wp-json\/wp\/v2\/comments?post=251698"}],"version-history":[{"count":0,"href":"https:\/\/www.europesays.com\/fr\/wp-json\/wp\/v2\/posts\/251698\/revisions"}],"wp:featuredmedia":[{"embeddable":true,"href":"https:\/\/www.europesays.com\/fr\/wp-json\/wp\/v2\/media\/251699"}],"wp:attachment":[{"href":"https:\/\/www.europesays.com\/fr\/wp-json\/wp\/v2\/media?parent=251698"}],"wp:term":[{"taxonomy":"category","embeddable":true,"href":"https:\/\/www.europesays.com\/fr\/wp-json\/wp\/v2\/categories?post=251698"},{"taxonomy":"post_tag","embeddable":true,"href":"https:\/\/www.europesays.com\/fr\/wp-json\/wp\/v2\/tags?post=251698"}],"curies":[{"name":"wp","href":"https:\/\/api.w.org\/{rel}","templated":true}]}}