{"id":251700,"date":"2025-07-16T16:31:10","date_gmt":"2025-07-16T16:31:10","guid":{"rendered":"https:\/\/www.europesays.com\/fr\/251700\/"},"modified":"2025-07-16T16:31:10","modified_gmt":"2025-07-16T16:31:10","slug":"elle-est-arrivee-au-match-epuisee-et-tres-nerveuse-stubbs-revient-sur-la-finale-swiatek-anisimova","status":"publish","type":"post","link":"https:\/\/www.europesays.com\/fr\/251700\/","title":{"rendered":"\u00ab Elle est arriv\u00e9e au match \u00e9puis\u00e9e et tr\u00e8s nerveuse \u00bb, Stubbs revient sur la finale Swiatek-Anisimova"},"content":{"rendered":"<p>                <img decoding=\"async\" src=\"https:\/\/www.europesays.com\/fr\/wp-content\/uploads\/2025\/07\/9xhb.jpg\" alt=\"\u00ab Elle est arriv\u00e9e au match \u00e9puis\u00e9e et tr\u00e8s nerveuse \u00bb, Stubbs revient sur la finale Swiatek-Anisimova\"\/><\/p>\n<p>Rennae Stubbs, vainqueure de 4 Grands Chelems en double, s\u2019est exprim\u00e9e sur la finale de Wimbledon entre Iga Swiatek et Amanda Anisimova.<\/p>\n<p>Pour elle, malgr\u00e9 le mauvais r\u00e9sultat pour l\u2019Am\u00e9ricaine, il y a du positif \u00e0 en tirer. Elle d\u00e9clare : \u00ab M\u00eame en finale, Iga Swiatek n&rsquo;a pas l\u00e2ch\u00e9 prise. Elle a continu\u00e9 \u00e0 faire ce qu&rsquo;elle devait faire.<\/p>\n<p>De toute \u00e9vidence, Amanda Anisimova \u00e9tait compl\u00e8tement absorb\u00e9e en finale. Elle \u00e9tait probablement \u00e9puis\u00e9e apr\u00e8s sa victoire en demi-finale. Elle est arriv\u00e9e au match \u00e9puis\u00e9e et tr\u00e8s nerveuse.<\/p>\n<p>On voyait que ses mouvements \u00e9taient diff\u00e9rents, elle n&rsquo;\u00e9tait plus elle-m\u00eame. Elle n&rsquo;avait aucun \u00e9quilibre sur le court.<\/p>\n<p>Je pensais qu&rsquo;elle \u00e9tait juste fig\u00e9e. \u00c7a arrive, elle \u00e9tait \u00e9puis\u00e9e. Mais Amanda en tirera des le\u00e7ons et deviendra une meilleure joueuse. \u00bb<\/p>\n","protected":false},"excerpt":{"rendered":"Rennae Stubbs, vainqueure de 4 Grands Chelems en double, s\u2019est exprim\u00e9e sur la finale de Wimbledon entre Iga&hellip;\n","protected":false},"author":2,"featured_media":251701,"comment_status":"","ping_status":"","sticky":false,"template":"","format":"standard","meta":{"footnotes":""},"categories":[1415],"tags":[1011,27,60,1467],"class_list":{"0":"post-251700","1":"post","2":"type-post","3":"status-publish","4":"format-standard","5":"has-post-thumbnail","7":"category-tennis","8":"tag-fr","9":"tag-france","10":"tag-sports","11":"tag-tennis"},"share_on_mastodon":{"url":"https:\/\/pubeurope.com\/@fr\/114863871694551141","error":""},"_links":{"self":[{"href":"https:\/\/www.europesays.com\/fr\/wp-json\/wp\/v2\/posts\/251700","targetHints":{"allow":["GET"]}}],"collection":[{"href":"https:\/\/www.europesays.com\/fr\/wp-json\/wp\/v2\/posts"}],"about":[{"href":"https:\/\/www.europesays.com\/fr\/wp-json\/wp\/v2\/types\/post"}],"author":[{"embeddable":true,"href":"https:\/\/www.europesays.com\/fr\/wp-json\/wp\/v2\/users\/2"}],"replies":[{"embeddable":true,"href":"https:\/\/www.europesays.com\/fr\/wp-json\/wp\/v2\/comments?post=251700"}],"version-history":[{"count":0,"href":"https:\/\/www.europesays.com\/fr\/wp-json\/wp\/v2\/posts\/251700\/revisions"}],"wp:featuredmedia":[{"embeddable":true,"href":"https:\/\/www.europesays.com\/fr\/wp-json\/wp\/v2\/media\/251701"}],"wp:attachment":[{"href":"https:\/\/www.europesays.com\/fr\/wp-json\/wp\/v2\/media?parent=251700"}],"wp:term":[{"taxonomy":"category","embeddable":true,"href":"https:\/\/www.europesays.com\/fr\/wp-json\/wp\/v2\/categories?post=251700"},{"taxonomy":"post_tag","embeddable":true,"href":"https:\/\/www.europesays.com\/fr\/wp-json\/wp\/v2\/tags?post=251700"}],"curies":[{"name":"wp","href":"https:\/\/api.w.org\/{rel}","templated":true}]}}