{"id":251702,"date":"2025-07-16T16:32:09","date_gmt":"2025-07-16T16:32:09","guid":{"rendered":"https:\/\/www.europesays.com\/fr\/251702\/"},"modified":"2025-07-16T16:32:09","modified_gmt":"2025-07-16T16:32:09","slug":"a-carpentras-une-recompense-federale-pour-jean-sebastien-gras-qui-jongle-entre-le-basketball-et-le-rugby","status":"publish","type":"post","link":"https:\/\/www.europesays.com\/fr\/251702\/","title":{"rendered":"\u00c0 Carpentras, une r\u00e9compense f\u00e9d\u00e9rale pour Jean-S\u00e9bastien Gras qui jongle entre le basketball et le rugby"},"content":{"rendered":"<p>Tout r\u00e9cemment, Jean-S\u00e9bastien Gras a re\u00e7u une nouvelle distinction f\u00e9d\u00e9rale avec la m\u00e9daille de bronze remise par la FFBB (<a href=\"https:\/\/www.laprovence.com\/article\/sports\/2104601006446515\/basket-avignon-le-pontet-et-sorgues-sanctionnes-par-la-federation\" target=\"_blank\" rel=\"noopener\">F\u00e9d\u00e9ration fran\u00e7aise de basketball<\/a>). Elle rend hommage \u00e0 son parcours qui n&rsquo;a pourtant pas d\u00e9but\u00e9 par le basketball mais par le rugby.<\/p>\n<p>Tout d\u00e9bute \u00e0 l&rsquo;\u00e2ge de 7\u00a0ans, en\u00a01981, il obtient alors sa premi\u00e8re licence sportive au RC <a href=\"https:\/\/www.laprovence.com\/vaucluse\/carpentras-84031\" target=\"_blank\" rel=\"noopener\">Carpentras <\/a>qu&rsquo;il va conserver pendant pr\u00e8s de 32\u00a0ans. \u00ab\u00a0J&rsquo;ai \u00e9volu\u00e9 pendant 15 ann\u00e9es comme joueur, de la cat\u00e9gorie pupille \u00e0 \u00ab\u00a0espoir\u00a0\u00bb et j&rsquo;ai pass\u00e9 d&rsquo;excellents moments entre copains avec plusieurs titres r\u00e9colt\u00e9s dans les jeunes cat\u00e9gories\u00a0\u00bb, explique-t-il.<\/p>\n<p>Mais, il va changer de cap, tout en restant dans la discipline, et devenir arbitre pendant 16 ann\u00e9es, dont huit ann\u00e9es au plus haut niveau f\u00e9d\u00e9ral, l&rsquo;\u00e9lite 1\u00a0: \u00ab\u00a0Ce fut parfois difficile m\u00eame avec les joueurs et surtout les spectateurs. Mais heureusement que les ann\u00e9es ont permis de repousser certaines personnes des stades. Les huit ann\u00e9es de haut niveau, avec 150 rencontres que j&rsquo;ai dirig\u00e9es, m&rsquo;ont tout de m\u00eame apport\u00e9 de la satisfaction\u00a0\u00bb, ajoute-t-il.<\/p>\n<p>Sa carri\u00e8re est couronn\u00e9e de succ\u00e8s puisque lors de la saison\u00a02000-2001, il est d\u00e9sign\u00e9 deuxi\u00e8me meilleur arbitre d&rsquo;\u00e9lite 1. Jean-S\u00e9bastien Gras a m\u00eame pu arbitrer des matchs internationaux tels que France &#8211; Angleterre U17 et en seniors France &#8211; Russie ou bien Maroc &#8211; Italie.<\/p>\n<p>Un destin tourn\u00e9 vers la balle orange<\/p>\n<p>\u00c0 partir de\u00a02015, Jean-S\u00e9bastien Gras c\u00f4toie les parquets de basketball, comme son \u00e9pouse Marie, pour suivre sa fille Zo\u00e9. Ils dirigent \u00e0 deux l&rsquo;AB Comtadin. Depuis\u00a02023, il entra\u00eene les U18 filles pour l&rsquo;Open de France <a href=\"https:\/\/www.laprovence.com\/article\/region\/12486642251648\/le-basket-3x3-tient-le-haut-du-panier-sur-le-gambetta-a-digne-les-bains\" target=\"_blank\" rel=\"noopener\">3&#215;3<\/a>. Une discipline en vogue qui voit Zo\u00e9 multiplier les titres de meilleures joueuses r\u00e9gionale et nationale, puis l&rsquo;\u00e9quipe Comtadine est en finale nationale.<\/p>\n<p>Avec cette nouvelle r\u00e9compense f\u00e9d\u00e9rale, le parcours de Jean-S\u00e9bastien Gras n&rsquo;est pas termin\u00e9 pour autant. D\u00e9sormais, le cap est dirig\u00e9 vers Zo\u00e9, qui jongle entre le basket et les \u00e9tudes. Un parcours qui, justement, est connu par ses parents.<\/p>\n","protected":false},"excerpt":{"rendered":"Tout r\u00e9cemment, Jean-S\u00e9bastien Gras a re\u00e7u une nouvelle distinction f\u00e9d\u00e9rale avec la m\u00e9daille de bronze remise par la&hellip;\n","protected":false},"author":2,"featured_media":251703,"comment_status":"","ping_status":"","sticky":false,"template":"","format":"standard","meta":{"footnotes":""},"categories":[1414],"tags":[17,1465,1464,23542,4127,1011,27,39198,39197,471,5593,60,96],"class_list":{"0":"post-251702","1":"post","2":"type-post","3":"status-publish","4":"format-standard","5":"has-post-thumbnail","7":"category-basket","8":"tag-17","9":"tag-basket","10":"tag-basketball","11":"tag-carpentras","12":"tag-federale","13":"tag-fr","14":"tag-france","15":"tag-gras","16":"tag-jean-sebastien","17":"tag-pour","18":"tag-recompense","19":"tag-sports","20":"tag-une"},"share_on_mastodon":{"url":"https:\/\/pubeurope.com\/@fr\/114863875310974191","error":""},"_links":{"self":[{"href":"https:\/\/www.europesays.com\/fr\/wp-json\/wp\/v2\/posts\/251702","targetHints":{"allow":["GET"]}}],"collection":[{"href":"https:\/\/www.europesays.com\/fr\/wp-json\/wp\/v2\/posts"}],"about":[{"href":"https:\/\/www.europesays.com\/fr\/wp-json\/wp\/v2\/types\/post"}],"author":[{"embeddable":true,"href":"https:\/\/www.europesays.com\/fr\/wp-json\/wp\/v2\/users\/2"}],"replies":[{"embeddable":true,"href":"https:\/\/www.europesays.com\/fr\/wp-json\/wp\/v2\/comments?post=251702"}],"version-history":[{"count":0,"href":"https:\/\/www.europesays.com\/fr\/wp-json\/wp\/v2\/posts\/251702\/revisions"}],"wp:featuredmedia":[{"embeddable":true,"href":"https:\/\/www.europesays.com\/fr\/wp-json\/wp\/v2\/media\/251703"}],"wp:attachment":[{"href":"https:\/\/www.europesays.com\/fr\/wp-json\/wp\/v2\/media?parent=251702"}],"wp:term":[{"taxonomy":"category","embeddable":true,"href":"https:\/\/www.europesays.com\/fr\/wp-json\/wp\/v2\/categories?post=251702"},{"taxonomy":"post_tag","embeddable":true,"href":"https:\/\/www.europesays.com\/fr\/wp-json\/wp\/v2\/tags?post=251702"}],"curies":[{"name":"wp","href":"https:\/\/api.w.org\/{rel}","templated":true}]}}