{"id":251704,"date":"2025-07-16T16:33:13","date_gmt":"2025-07-16T16:33:13","guid":{"rendered":"https:\/\/www.europesays.com\/fr\/251704\/"},"modified":"2025-07-16T16:33:13","modified_gmt":"2025-07-16T16:33:13","slug":"le-cas-chantra-pousse-honda-a-revoir-ses-plans-avec-lcr","status":"publish","type":"post","link":"https:\/\/www.europesays.com\/fr\/251704\/","title":{"rendered":"Le cas Chantra pousse Honda \u00e0 revoir ses plans avec LCR"},"content":{"rendered":"<p>Depuis plusieurs ann\u00e9es, l&rsquo;une des deux Honda de l&rsquo;\u00e9quipe LCR est parrain\u00e9e par le p\u00e9trolier japonais Idemitsu, impliqu\u00e9 \u00e0 chaque \u00e9chelon de la comp\u00e9tition sur circuit, de l&rsquo;Asian Talent Cup jusqu&rsquo;au championnat du monde. En MotoGP, la machine aux couleurs d&rsquo;Idemitsu est ainsi r\u00e9serv\u00e9e \u00e0 un pilote venant d&rsquo;un march\u00e9 o\u00f9 la marque est pr\u00e9sente. De 2018 \u00e0 la saison pass\u00e9e, ce pilote \u00e9tait <a href=\"https:\/\/fr.motorsport.com\/driver\/takaaki-nakagami\/109418\/\" target=\"_blank\" rel=\"noopener\">Takaaki Nakagami<\/a> et <a href=\"https:\/\/fr.motorsport.com\/driver\/somkiat-chantra\/823104\/\" target=\"_blank\" rel=\"noopener\">Somkiat Chantra<\/a> lui a succ\u00e9d\u00e9 cette ann\u00e9e.<\/p>\n<p>Le Tha\u00eflandais est \u00e0 la peine depuis le d\u00e9but de la saison et \u00e0 un moment o\u00f9 Honda essaie de r\u00e9duire l&rsquo;\u00e9cart avec Ducati, sacrifier l&rsquo;une des quatre RC213C en la confiant \u00e0 un pilote incapable de fournir un retour d&rsquo;informations pertinent aux ing\u00e9nieurs n&rsquo;appara\u00eet pas comme la strat\u00e9gie la plus pertinente.<\/p>\n<p><strong>Motorsport.com<\/strong> a ainsi appris que le manque de performances de Chantra a pouss\u00e9 Honda \u00e0 reconsid\u00e9rer l&rsquo;id\u00e9e de contraindre LCR \u00e0 confier sa seconde moto \u00e0 un pilote asiatique. Chantra n&rsquo;\u00e9tait pas le premier choix de Honda, qui comptait sur <a href=\"https:\/\/fr.motorsport.com\/driver\/ai-ogura\/471489\/\" target=\"_blank\" rel=\"noopener\">Ai Ogura<\/a>, mais le Japonais a pr\u00e9f\u00e9r\u00e9 couper les ponts avec la marque pour rejoindre Trackhouse et faire ses d\u00e9buts en MotoGP avec Aprilia.<\/p>\n<p>Lire aussi:<\/p>\n<p>L&rsquo;accord avec Idemitsu obligeait \u00e0 choisir un pilote asiatique et c&rsquo;est donc le deuxi\u00e8me sur la liste, Chantra, qui a \u00e9t\u00e9 choisi, malgr\u00e9 un palmar\u00e8s bien moins fourni. Pendant qu&rsquo;Ogura d\u00e9crochait le titre en Moto2 l&rsquo;an pass\u00e9, Chantra ne prenait que la 12e place, 170 points derri\u00e8re.<\/p>\n<p>Des performances et une pr\u00e9paration loin du niveau requis<\/p>\n<p>Mais \u00e0 moins d&rsquo;un changement drastique, rendu encore plus improbable par la blessure au genou qui le met actuellement sur la touche, Chantra a peu de chances de prolonger l&rsquo;aventure la saison prochaine.<\/p>\n<p>LCR a pass\u00e9 des mois \u00e0 tenter d&rsquo;aider Chantra \u00e0 progresser, mais le chronom\u00e8tre ne ment pas\u00a0: lors de son dernier Grand Prix disput\u00e9, \u00e0 Assen, il a vu l&rsquo;arriv\u00e9e \u00e0 49 secondes du vainqueur, <a href=\"https:\/\/fr.motorsport.com\/driver\/marc-marquez\/92646\/\" target=\"_blank\" rel=\"noopener\">Marc M\u00e1rquez<\/a>, et 25 de son voisin de garage, <a href=\"https:\/\/fr.motorsport.com\/driver\/johann-zarco\/96107\/\" target=\"_blank\" rel=\"noopener\">Johann Zarco<\/a>. Et s&rsquo;il a pour la premi\u00e8re fois \u00e9vit\u00e9 la derni\u00e8re place et inscrit un point, ce n&rsquo;est que parce qu&rsquo;<a href=\"https:\/\/fr.motorsport.com\/driver\/aleix-espargaro\/90382\/\" target=\"_blank\" rel=\"noopener\">Aleix Espargar\u00f3<\/a>, pilote d&rsquo;essais de Honda, s&rsquo;est <a href=\"https:\/\/fr.motorsport.com\/motogp\/news\/espargaro-offert-premier-point-chantra-professeur\/10738269\/\" target=\"_blank\" rel=\"noopener\">effac\u00e9 en fin d&rsquo;\u00e9preuve<\/a>.<\/p>\n<p>   <img decoding=\"async\" draggable=\"false\" src=\"https:\/\/www.europesays.com\/fr\/wp-content\/uploads\/2025\/07\/somkiat-chantra-team-lcr-honda.jpg\" alt=\"Somkiat Chantra, Team LCR Honda\" width=\"1200\" height=\"800\" loading=\"lazy\"\/> <\/p>\n<p class=\"title\">Somkiat Chantra<\/p>\n<p class=\"photographer\">Photo de: Gold and Goose Photography \/ LAT Images \/ via Getty Images<\/p>\n<p>Ce premier top 15 est loin d&rsquo;\u00eatre suffisant. Ses performances ne sont pas une inqui\u00e9tude que pour les points inscrits et l&rsquo;apport technique, mais aussi parce que des sponsors ne sont pas satisfaits. Ce manque de rythme s&rsquo;accompagne d&rsquo;une d\u00e9connexion remarquable dans d&rsquo;autres aspects de sa pr\u00e9paration, dont son entrainement, loin de ce qui est attendu d&rsquo;un pilote MotoGP.<\/p>\n<p>Quand Honda l&rsquo;a promu, le constructeur savait que Somkiat Chantra ne serait pas imm\u00e9diatement dans le coup, mais personne ne s&rsquo;attendait \u00e0 ce qu&rsquo;il soit si loin. Lors de ses sept saisons en MotoGP, Nakagami n&rsquo;a certes jamais atteint le podium mais il a d\u00e9croch\u00e9 une sixi\u00e8me place d\u00e8s sa premi\u00e8re saison, sous la pluie de Valence, et a par la suite empoch\u00e9 trois quatri\u00e8mes places.<\/p>\n<p>Les options \u00e9tudi\u00e9es par Honda<\/p>\n<p>Il semble inimaginable que Chantra puisse atteindre de tels r\u00e9sultats, ce qui pousse d\u00e9j\u00e0 Honda \u00e0 explorer des alternatives pour 2026, quitte \u00e0 renoncer \u00e0 certains avantages. Apr\u00e8s tout, le MotoGP appr\u00e9cie la pr\u00e9sence de ce tout premier pilote venu de Tha\u00eflande, march\u00e9 tr\u00e8s important pour les deux-roues.<\/p>\n<p>Diff\u00e9rents sc\u00e9narios sont \u00e0 l&rsquo;\u00e9tude maintenant qu&rsquo;il est clair que <a href=\"https:\/\/fr.motorsport.com\/driver\/jorge-martin\/109391\/\" target=\"_blank\" rel=\"noopener\">Jorge Mart\u00edn<\/a> ne rejoindra pas l&rsquo;\u00e9quipe Honda officielle, en tout cas pas avant 2027. <a href=\"https:\/\/fr.motorsport.com\/driver\/joan-mir\/289392\/\" target=\"_blank\" rel=\"noopener\">Joan Mir<\/a> est sous contrat pour 2026, tandis que celui de <a href=\"https:\/\/fr.motorsport.com\/driver\/luca-marini\/201098\/\" target=\"_blank\" rel=\"noopener\">Luca Marini<\/a> prend fin en d\u00e9cembre. Une prolongation associ\u00e9e \u00e0 un passage chez LCR, aux c\u00f4t\u00e9s de Zarco est possible, \u00e0 condition que Honda trouve un bon candidat pour l&rsquo;\u00e9quipe d&rsquo;usine.<\/p>\n<p>Au milieu de ces mouvements, <a href=\"https:\/\/fr.motorsport.com\/driver\/diogo-moreira\/945141\/\" target=\"_blank\" rel=\"noopener\">Diogo Moreira<\/a>, troisi\u00e8me du Moto2, suscite l&rsquo;int\u00e9r\u00eat depuis quelques semaines. Le Br\u00e9silien devrait prendre une d\u00e9cision pendant la pause estivale, plusieurs options \u00e9tant disponibles pour lui.<\/p>\n<p>Lire aussi :<\/p>\n<p>Dans cet article<\/p>\n<p>Soyez le premier inform\u00e9 et souscrivez aux alertes mails pour recevoir les infos en temps r\u00e9el<\/p>\n<p>    S&rsquo;abonner aux alertes de news<\/p>\n","protected":false},"excerpt":{"rendered":"Depuis plusieurs ann\u00e9es, l&rsquo;une des deux Honda de l&rsquo;\u00e9quipe LCR est parrain\u00e9e par le p\u00e9trolier japonais Idemitsu, impliqu\u00e9&hellip;\n","protected":false},"author":2,"featured_media":251705,"comment_status":"","ping_status":"","sticky":false,"template":"","format":"standard","meta":{"footnotes":""},"categories":[1413],"tags":[35965,1011,27,3345,15966,1457,1456,1458,16689,60,3771],"class_list":{"0":"post-251704","1":"post","2":"type-post","3":"status-publish","4":"format-standard","5":"has-post-thumbnail","7":"category-moto","8":"tag-diogo-moreira","9":"tag-fr","10":"tag-france","11":"tag-honda-hrc","12":"tag-luca-marini","13":"tag-moto","14":"tag-motocycle","15":"tag-motogp","16":"tag-somkiat-chantra","17":"tag-sports","18":"tag-team-lcr"},"share_on_mastodon":{"url":"https:\/\/pubeurope.com\/@fr\/114863879285530148","error":""},"_links":{"self":[{"href":"https:\/\/www.europesays.com\/fr\/wp-json\/wp\/v2\/posts\/251704","targetHints":{"allow":["GET"]}}],"collection":[{"href":"https:\/\/www.europesays.com\/fr\/wp-json\/wp\/v2\/posts"}],"about":[{"href":"https:\/\/www.europesays.com\/fr\/wp-json\/wp\/v2\/types\/post"}],"author":[{"embeddable":true,"href":"https:\/\/www.europesays.com\/fr\/wp-json\/wp\/v2\/users\/2"}],"replies":[{"embeddable":true,"href":"https:\/\/www.europesays.com\/fr\/wp-json\/wp\/v2\/comments?post=251704"}],"version-history":[{"count":0,"href":"https:\/\/www.europesays.com\/fr\/wp-json\/wp\/v2\/posts\/251704\/revisions"}],"wp:featuredmedia":[{"embeddable":true,"href":"https:\/\/www.europesays.com\/fr\/wp-json\/wp\/v2\/media\/251705"}],"wp:attachment":[{"href":"https:\/\/www.europesays.com\/fr\/wp-json\/wp\/v2\/media?parent=251704"}],"wp:term":[{"taxonomy":"category","embeddable":true,"href":"https:\/\/www.europesays.com\/fr\/wp-json\/wp\/v2\/categories?post=251704"},{"taxonomy":"post_tag","embeddable":true,"href":"https:\/\/www.europesays.com\/fr\/wp-json\/wp\/v2\/tags?post=251704"}],"curies":[{"name":"wp","href":"https:\/\/api.w.org\/{rel}","templated":true}]}}