{"id":251710,"date":"2025-07-16T16:36:12","date_gmt":"2025-07-16T16:36:12","guid":{"rendered":"https:\/\/www.europesays.com\/fr\/251710\/"},"modified":"2025-07-16T16:36:12","modified_gmt":"2025-07-16T16:36:12","slug":"en-direct-amical-fc-metz","status":"publish","type":"post","link":"https:\/\/www.europesays.com\/fr\/251710\/","title":{"rendered":"En direct Amical. FC Metz"},"content":{"rendered":"<p>&#13;<br \/>\n                                                    En direct&#13;<br \/>\n                        &#13;\n                                            <\/p>\n<p>Six matches de pr\u00e9paration figurent au programme des Grenats. Le premier a lieu, ce mercredi, sur la pelouse du stade Yvan-T\u00e9pus \u00e0 Hom\u00e9court face aux Luxembourgeois de l&rsquo;US Mondorf.<\/p>\n<p>&#13;<br \/>\n              Le R\u00e9publicain Lorrain  &#8211; &#13;<br \/>\n        &#13;<br \/>\n          Aujourd&rsquo;hui \u00e0 17:00&#13;<br \/>\n    &#13;<br \/>\n                  | mis \u00e0 jour aujourd&rsquo;hui \u00e0 18:32&#13;<br \/>\n              &#8211; Temps de lecture : &#13;<br \/>\n  &#13;<\/p>\n","protected":false},"excerpt":{"rendered":"&#13; En direct&#13; &#13; Six matches de pr\u00e9paration figurent au programme des Grenats. Le premier a lieu, ce&hellip;\n","protected":false},"author":2,"featured_media":251711,"comment_status":"","ping_status":"","sticky":false,"template":"","format":"standard","meta":{"footnotes":""},"categories":[1410],"tags":[3545,15834,5598,8113,107,1701,63,1011,27,33218,6212,6213,5599,517,1700,60],"class_list":{"0":"post-251710","1":"post","2":"type-post","3":"status-publish","4":"format-standard","5":"has-post-thumbnail","7":"category-football","8":"tag-direct-sport","9":"tag-edition-briey","10":"tag-edition-metz-et-agglomeration","11":"tag-fc-metz","12":"tag-fil-info","13":"tag-fil-info-sport","14":"tag-football","15":"tag-fr","16":"tag-france","17":"tag-homecourt","18":"tag-metz","19":"tag-metz-ville-57b","20":"tag-moselle","21":"tag-sport","22":"tag-sport-lorrain","23":"tag-sports"},"share_on_mastodon":{"url":"https:\/\/pubeurope.com\/@fr\/114863891028367283","error":""},"_links":{"self":[{"href":"https:\/\/www.europesays.com\/fr\/wp-json\/wp\/v2\/posts\/251710","targetHints":{"allow":["GET"]}}],"collection":[{"href":"https:\/\/www.europesays.com\/fr\/wp-json\/wp\/v2\/posts"}],"about":[{"href":"https:\/\/www.europesays.com\/fr\/wp-json\/wp\/v2\/types\/post"}],"author":[{"embeddable":true,"href":"https:\/\/www.europesays.com\/fr\/wp-json\/wp\/v2\/users\/2"}],"replies":[{"embeddable":true,"href":"https:\/\/www.europesays.com\/fr\/wp-json\/wp\/v2\/comments?post=251710"}],"version-history":[{"count":0,"href":"https:\/\/www.europesays.com\/fr\/wp-json\/wp\/v2\/posts\/251710\/revisions"}],"wp:featuredmedia":[{"embeddable":true,"href":"https:\/\/www.europesays.com\/fr\/wp-json\/wp\/v2\/media\/251711"}],"wp:attachment":[{"href":"https:\/\/www.europesays.com\/fr\/wp-json\/wp\/v2\/media?parent=251710"}],"wp:term":[{"taxonomy":"category","embeddable":true,"href":"https:\/\/www.europesays.com\/fr\/wp-json\/wp\/v2\/categories?post=251710"},{"taxonomy":"post_tag","embeddable":true,"href":"https:\/\/www.europesays.com\/fr\/wp-json\/wp\/v2\/tags?post=251710"}],"curies":[{"name":"wp","href":"https:\/\/api.w.org\/{rel}","templated":true}]}}