{"id":251714,"date":"2025-07-16T16:38:16","date_gmt":"2025-07-16T16:38:16","guid":{"rendered":"https:\/\/www.europesays.com\/fr\/251714\/"},"modified":"2025-07-16T16:38:16","modified_gmt":"2025-07-16T16:38:16","slug":"la-chasseuse-dartistes-devoile-son-exposition-rencontres-photographiques","status":"publish","type":"post","link":"https:\/\/www.europesays.com\/fr\/251714\/","title":{"rendered":"la chasseuse d\u2019artistes d\u00e9voile son exposition Rencontres photographiques"},"content":{"rendered":"<p>Catherine De Luca s\u2019est appropri\u00e9 les murs de l\u2019ancienne Banque de France d\u2019Agen. Tous les deux mois depuis trois\u00a0ans sont expos\u00e9s de nouveaux artistes, s\u00e9lectionn\u00e9s par ses soins. La galeriste, vitraux orange incrust\u00e9s \u00e0 ses \u00e9paisses lunettes noires, cherche la singularit\u00e9 autant dans son look que chez ses artistes. \u00ab\u00a0Moi, je les drague les artistes. Je n\u2019attends pas qu\u2019ils viennent \u00e0 moi, je vais les chercher\u00a0\u00bb.<\/p>\n<p>Parmi les heureux \u00e9lus, on retrouve Thierry Breton, qui, quarante ans apr\u00e8s l\u2019un de ses premiers projets de reportage, retourne sur les terres new-yorkaises, cette fois avec un regard plus mature et exp\u00e9riment\u00e9. Vincent Dionis du S\u00e9jour, de son c\u00f4t\u00e9, adopte une approche plus exp\u00e9rimentale en jouant, entre autres, avec la technique de l\u2019ICM (Intentional Camera Movement) pour insuffler \u00e0 ses images une dimension onirique. Michel Murat, quant \u00e0 lui, pr\u00e9sente Instantan\u00e9e, une s\u00e9rie r\u00e9alis\u00e9e exclusivement \u00e0 l\u2019iPhone, sans retouche. \u00c9milie Lurde, dans sa s\u00e9rie SERO, explore la germination \u00e0 travers des macrophotographies. Enfin, \u00c9ric Artifoni, fascin\u00e9 par les mains, capture des instants de son quotidien. L\u2019id\u00e9e ce mois-ci est de mixer des techniques et les visions artistiques. Chacun exposera huit \u00e0 dix oeuvres, parcourant l\u2019histoire, le v\u00e9g\u00e9tal, le reportage, la technique et l\u2019innovation.<\/p>\n<p>Recherche du \u00ab\u00a0jamais vu\u00a0\u00bb<\/p>\n<p>\u00c0 la recherche de formats in\u00e9dits, la galeriste et directrice artistique, Catherine De Luca, met un point d\u2019honneur \u00e0 cr\u00e9er une sc\u00e9nographie particuli\u00e8re \u00e0 chacune des s\u00e9ries. Encadrement sous verre avec marie-louise, caisses am\u00e9ricaines, plexiglass, format Polaro\u00efd, imprim\u00e9s 3D\u2026 Tout est pens\u00e9 pour apporter un regard diff\u00e9rent sur les cr\u00e9ations. Une sc\u00e9nographie surprise sera r\u00e9serv\u00e9e \u00e0 la fois aux photographes et au public pour le vernissage, jeudi 17 juillet \u00e0 18 h 30. \u00ab\u00a0Mon travail c\u2019est de tout mettre en \u0153uvre afin d\u2019apporter le petit plus qu\u2019on a jamais vu ailleurs.\u00a0\u00bb <\/p>\n<p>Les photographies ont \u00e9t\u00e9 d\u00e9voil\u00e9es pour la premi\u00e8re fois mardi. Les tarifs vont de 35 \u00e0 1\u00a0200\u00a0euros. Une fourchette large, qui permet \u00ab\u00a0d\u2019ouvrir la culture au plus grand nombre\u00a0\u00bb.<\/p>\n<p>H\u00e9m\u00e9ra\u00a0: 35 boulevard de la R\u00e9publique. L\u2019exposition est gratuite pour tous et visible du 15\u00a0juillet au 17 septembre.<\/p>\n","protected":false},"excerpt":{"rendered":"Catherine De Luca s\u2019est appropri\u00e9 les murs de l\u2019ancienne Banque de France d\u2019Agen. Tous les deux mois depuis&hellip;\n","protected":false},"author":2,"featured_media":251715,"comment_status":"","ping_status":"","sticky":false,"template":"","format":"standard","meta":{"footnotes":""},"categories":[1358],"tags":[1348,1384,1385,1386,58,59,1011,27],"class_list":{"0":"post-251714","1":"post","2":"type-post","3":"status-publish","4":"format-standard","5":"has-post-thumbnail","7":"category-arts-et-design","8":"tag-arts","9":"tag-arts-and-design","10":"tag-arts-et-design","11":"tag-design","12":"tag-divertissement","13":"tag-entertainment","14":"tag-fr","15":"tag-france"},"share_on_mastodon":{"url":"https:\/\/pubeurope.com\/@fr\/114863898855957189","error":""},"_links":{"self":[{"href":"https:\/\/www.europesays.com\/fr\/wp-json\/wp\/v2\/posts\/251714","targetHints":{"allow":["GET"]}}],"collection":[{"href":"https:\/\/www.europesays.com\/fr\/wp-json\/wp\/v2\/posts"}],"about":[{"href":"https:\/\/www.europesays.com\/fr\/wp-json\/wp\/v2\/types\/post"}],"author":[{"embeddable":true,"href":"https:\/\/www.europesays.com\/fr\/wp-json\/wp\/v2\/users\/2"}],"replies":[{"embeddable":true,"href":"https:\/\/www.europesays.com\/fr\/wp-json\/wp\/v2\/comments?post=251714"}],"version-history":[{"count":0,"href":"https:\/\/www.europesays.com\/fr\/wp-json\/wp\/v2\/posts\/251714\/revisions"}],"wp:featuredmedia":[{"embeddable":true,"href":"https:\/\/www.europesays.com\/fr\/wp-json\/wp\/v2\/media\/251715"}],"wp:attachment":[{"href":"https:\/\/www.europesays.com\/fr\/wp-json\/wp\/v2\/media?parent=251714"}],"wp:term":[{"taxonomy":"category","embeddable":true,"href":"https:\/\/www.europesays.com\/fr\/wp-json\/wp\/v2\/categories?post=251714"},{"taxonomy":"post_tag","embeddable":true,"href":"https:\/\/www.europesays.com\/fr\/wp-json\/wp\/v2\/tags?post=251714"}],"curies":[{"name":"wp","href":"https:\/\/api.w.org\/{rel}","templated":true}]}}