{"id":251716,"date":"2025-07-16T16:39:13","date_gmt":"2025-07-16T16:39:13","guid":{"rendered":"https:\/\/www.europesays.com\/fr\/251716\/"},"modified":"2025-07-16T16:39:13","modified_gmt":"2025-07-16T16:39:13","slug":"rehainviller-les-eleves-de-cm2-recoivent-un-livre-pour-leur-depart-au-college","status":"publish","type":"post","link":"https:\/\/www.europesays.com\/fr\/251716\/","title":{"rendered":"Rehainviller. Les \u00e9l\u00e8ves de CM2 re\u00e7oivent un livre pour leur d\u00e9part au coll\u00e8ge"},"content":{"rendered":"<p>Les \u00e9l\u00e8ves de CM2 ont \u00e9t\u00e9 re\u00e7us par le maire, Malik Boulefrakh, pour participer \u00e0 une remise de livres. En pr\u00e9sence de la conseill\u00e8re d\u00e9l\u00e9gu\u00e9e aux affaires scolaire Elise Dopp et de la ma\u00eetresse de CM2, il a \u00e9t\u00e9 remis un livre \u00e0 chaque \u00e9colier, \u00ab\u00a0Fourmidable\u00a0\u00bb de Jo Hoestlandt. Cette initiative s\u2019inscrit dans la volont\u00e9 de promouvoir la culture et l\u2019\u00e9ducation au sein de la commune. Cette distribution de livres est un acte symbolique fort qui montre l\u2019engagement de la municipalit\u00e9 en faveur des jeunes g\u00e9n\u00e9rations. Un go\u00fbter a cl\u00f4tur\u00e9 ce moment de partage.<\/p>\n","protected":false},"excerpt":{"rendered":"Les \u00e9l\u00e8ves de CM2 ont \u00e9t\u00e9 re\u00e7us par le maire, Malik Boulefrakh, pour participer \u00e0 une remise de&hellip;\n","protected":false},"author":2,"featured_media":251717,"comment_status":"","ping_status":"","sticky":false,"template":"","format":"standard","meta":{"footnotes":""},"categories":[1357],"tags":[1379,7110,1687,58,1707,59,1011,27,1380,39199],"class_list":{"0":"post-251716","1":"post","2":"type-post","3":"status-publish","4":"format-standard","5":"has-post-thumbnail","7":"category-livres","8":"tag-books","9":"tag-cc-du-territoire-de-luneville-a-baccarat-54a","10":"tag-culture-loisirs","11":"tag-divertissement","12":"tag-edition-luneville","13":"tag-entertainment","14":"tag-fr","15":"tag-france","16":"tag-livres","17":"tag-rehainviller"},"share_on_mastodon":{"url":"https:\/\/pubeurope.com\/@fr\/114863902743479438","error":""},"_links":{"self":[{"href":"https:\/\/www.europesays.com\/fr\/wp-json\/wp\/v2\/posts\/251716","targetHints":{"allow":["GET"]}}],"collection":[{"href":"https:\/\/www.europesays.com\/fr\/wp-json\/wp\/v2\/posts"}],"about":[{"href":"https:\/\/www.europesays.com\/fr\/wp-json\/wp\/v2\/types\/post"}],"author":[{"embeddable":true,"href":"https:\/\/www.europesays.com\/fr\/wp-json\/wp\/v2\/users\/2"}],"replies":[{"embeddable":true,"href":"https:\/\/www.europesays.com\/fr\/wp-json\/wp\/v2\/comments?post=251716"}],"version-history":[{"count":0,"href":"https:\/\/www.europesays.com\/fr\/wp-json\/wp\/v2\/posts\/251716\/revisions"}],"wp:featuredmedia":[{"embeddable":true,"href":"https:\/\/www.europesays.com\/fr\/wp-json\/wp\/v2\/media\/251717"}],"wp:attachment":[{"href":"https:\/\/www.europesays.com\/fr\/wp-json\/wp\/v2\/media?parent=251716"}],"wp:term":[{"taxonomy":"category","embeddable":true,"href":"https:\/\/www.europesays.com\/fr\/wp-json\/wp\/v2\/categories?post=251716"},{"taxonomy":"post_tag","embeddable":true,"href":"https:\/\/www.europesays.com\/fr\/wp-json\/wp\/v2\/tags?post=251716"}],"curies":[{"name":"wp","href":"https:\/\/api.w.org\/{rel}","templated":true}]}}