{"id":25172,"date":"2025-04-14T20:53:15","date_gmt":"2025-04-14T20:53:15","guid":{"rendered":"https:\/\/www.europesays.com\/fr\/25172\/"},"modified":"2025-04-14T20:53:15","modified_gmt":"2025-04-14T20:53:15","slug":"apres-la-tornade-il-se-ressource-au-bout-du-monde-avec-sa-petite-fille","status":"publish","type":"post","link":"https:\/\/www.europesays.com\/fr\/25172\/","title":{"rendered":"apr\u00e8s la tornade, il se ressource au bout du monde avec sa petite fille"},"content":{"rendered":"<p>Le 10 avril, Slimane a \u00e9t\u00e9 vu dans un lieu paradisiaque avec sa petite fille Esmeralda. Voici les raisons de son d\u00e9part. R\u00e9v\u00e9l\u00e9 au grand public gr\u00e2ce \u00e0 sa victoire dans The Voice en 2016, Slimane sur la sc\u00e8ne musicale francophone. Il a multipli\u00e9 les r\u00e9compenses et ses albums ont connu beaucoup de succ\u00e8s. Pourtant, depuis quelques mois, l\u2019image du chanteur est entach\u00e9e par une affaire judiciaire. Tout commence \u00e0 la fin de l\u2019ann\u00e9e 2024, alors que Slimane est en pleine tourn\u00e9e triomphale avec son spectacle Cupidon Tour. Deux anciens membres de l\u2019\u00e9quipe technique l\u2019accusent de comportements inappropri\u00e9s survenus lors d\u2019une date \u00e0 Saint-\u00c9tienne. Harc\u00e8lement moral et agression sexuelle sont les mots qui figurent dans les plaintes d\u00e9pos\u00e9es. Malgr\u00e9 cela, Slimane continue tout de m\u00eame de se produire sur sc\u00e8ne. Mais apr\u00e8s la temp\u00eate m\u00e9diatique, il est parti loin de la France, accompagn\u00e9 de sa petite fille, pour un \u00e9v\u00e9nement tr\u00e8s sp\u00e9cial.<\/p>\n<p>Slimane et Esmeralda en voyage \u00e0 Tahiti<\/p>\n<p>Malgr\u00e9 les plaintes qui l\u2019ont vis\u00e9, Slimane est rest\u00e9 actif sur les r\u00e9seaux sociaux. Il poursuit actuellement <strong>sa tourn\u00e9e mondiale.<\/strong> Il a perform\u00e9 en Europe, aux Etats-Unis mais aussi au Canada. Le 10 avril, le chanteur a post\u00e9 de nouvelles photos sur ses r\u00e9seaux sociaux, avec un d\u00e9cor paradisiaque. Il vient en effet d&rsquo;atterrir \u00e0 plus de 16 000 kilom\u00e8tres de Paris. C\u2019est avec sa fille Esmeralda, \u00e2g\u00e9e de trois ans, qu\u2019il est parti <strong>en voyage \u00e0 Tahiti.<\/strong> (&#8230;)<\/p>\n<p><a href=\"https:\/\/www.closermag.fr\/people\/slimane-accuse-apres-la-tornade-il-se-ressource-au-bout-du-monde-avec-sa-petite-fille-3536599\" rel=\"nofollow noopener\" target=\"_blank\" data-ylk=\"slk:Lire la suite sur Closer;elm:context_link;itc:0;sec:content-canvas\" class=\"link \">Lire la suite sur Closer<\/a><\/p>\n<p><a href=\"https:\/\/www.closermag.fr\/royautes\/charlene-de-monaco-chignon-flou-et-tailleur-bleu-denim-elle-arbore-un-look-printanier-parfait-pour-sa-sortie-du-week-end-3536706\" rel=\"nofollow noopener\" target=\"_blank\" data-ylk=\"slk:Charlene de Monaco : chignon flou et tailleur bleu denim\u2026 Elle arbore un look printanier parfait pour sa sortie du week-end;elm:context_link;itc:0;sec:content-canvas\" class=\"link \">Charlene de Monaco : chignon flou et tailleur bleu denim\u2026 Elle arbore un look printanier parfait pour sa sortie du week-end<\/a><br \/><a href=\"https:\/\/www.closermag.fr\/royautes\/un-nouveau-royal-baby-adorable-est-ne-george-charlotte-et-louis-lattendaient-avec-impatience-3536699\" rel=\"nofollow noopener\" target=\"_blank\" data-ylk=\"slk:Un nouveau royal baby adorable est n\u00e9 ! George, Charlotte et Louis l\u2019attendaient avec impatience;elm:context_link;itc:0;sec:content-canvas\" class=\"link \">Un nouveau royal baby adorable est n\u00e9 ! George, Charlotte et Louis l\u2019attendaient avec impatience<\/a><br \/><a href=\"https:\/\/www.closermag.fr\/people\/elles-vont-me-detester-mais-patricia-kaas-filiforme-a-58-ans-elle-repond-a-ses-detractrices-3536685\" rel=\"nofollow noopener\" target=\"_blank\" data-ylk=\"slk:&quot;Elles vont me d\u00e9tester mais\u2026&quot; : Patricia Kaas filiforme \u00e0 58 ans, elle r\u00e9pond \u00e0 ses d\u00e9tractrices;elm:context_link;itc:0;sec:content-canvas\" class=\"link \">\u00ab\u00a0Elles vont me d\u00e9tester mais\u2026\u00a0\u00bb : Patricia Kaas filiforme \u00e0 58 ans, elle r\u00e9pond \u00e0 ses d\u00e9tractrices<\/a><br \/><a href=\"https:\/\/www.closermag.fr\/people\/michel-blanc-dans-les-bronzes-comment-gerard-miller-aurait-berne-laurent-ruquier-et-sa-bande-3536698\" rel=\"nofollow noopener\" target=\"_blank\" data-ylk=\"slk:\u201cMichel Blanc dans les Bronz\u00e9s\u2026\u201d : comment G\u00e9rard Miller aurait bern\u00e9 Laurent Ruquier et sa bande;elm:context_link;itc:0;sec:content-canvas\" class=\"link \">\u201cMichel Blanc dans les Bronz\u00e9s\u2026\u201d : comment G\u00e9rard Miller aurait bern\u00e9 Laurent Ruquier et sa bande<\/a><br \/><a href=\"https:\/\/www.closermag.fr\/people\/pedro-pascal-est-il-en-couple-3535683\" rel=\"nofollow noopener\" target=\"_blank\" data-ylk=\"slk:Pedro Pascal est-il en couple ?;elm:context_link;itc:0;sec:content-canvas\" class=\"link \">Pedro Pascal est-il en couple ?<\/a><\/p>\n","protected":false},"excerpt":{"rendered":"Le 10 avril, Slimane a \u00e9t\u00e9 vu dans un lieu paradisiaque avec sa petite fille Esmeralda. Voici les&hellip;\n","protected":false},"author":2,"featured_media":25173,"comment_status":"","ping_status":"","sticky":false,"template":"","format":"standard","meta":{"footnotes":""},"categories":[1355],"tags":[58,59,9053,1011,27,1361,873,9054,9055],"class_list":{"0":"post-25172","1":"post","2":"type-post","3":"status-publish","4":"format-standard","5":"has-post-thumbnail","7":"category-musique","8":"tag-divertissement","9":"tag-entertainment","10":"tag-esmeralda","11":"tag-fr","12":"tag-france","13":"tag-music","14":"tag-musique","15":"tag-petite-fille","16":"tag-slimane"},"share_on_mastodon":{"url":"https:\/\/pubeurope.com\/@fr\/114338306722903639","error":""},"_links":{"self":[{"href":"https:\/\/www.europesays.com\/fr\/wp-json\/wp\/v2\/posts\/25172","targetHints":{"allow":["GET"]}}],"collection":[{"href":"https:\/\/www.europesays.com\/fr\/wp-json\/wp\/v2\/posts"}],"about":[{"href":"https:\/\/www.europesays.com\/fr\/wp-json\/wp\/v2\/types\/post"}],"author":[{"embeddable":true,"href":"https:\/\/www.europesays.com\/fr\/wp-json\/wp\/v2\/users\/2"}],"replies":[{"embeddable":true,"href":"https:\/\/www.europesays.com\/fr\/wp-json\/wp\/v2\/comments?post=25172"}],"version-history":[{"count":0,"href":"https:\/\/www.europesays.com\/fr\/wp-json\/wp\/v2\/posts\/25172\/revisions"}],"wp:featuredmedia":[{"embeddable":true,"href":"https:\/\/www.europesays.com\/fr\/wp-json\/wp\/v2\/media\/25173"}],"wp:attachment":[{"href":"https:\/\/www.europesays.com\/fr\/wp-json\/wp\/v2\/media?parent=25172"}],"wp:term":[{"taxonomy":"category","embeddable":true,"href":"https:\/\/www.europesays.com\/fr\/wp-json\/wp\/v2\/categories?post=25172"},{"taxonomy":"post_tag","embeddable":true,"href":"https:\/\/www.europesays.com\/fr\/wp-json\/wp\/v2\/tags?post=25172"}],"curies":[{"name":"wp","href":"https:\/\/api.w.org\/{rel}","templated":true}]}}