{"id":251724,"date":"2025-07-16T16:42:11","date_gmt":"2025-07-16T16:42:11","guid":{"rendered":"https:\/\/www.europesays.com\/fr\/251724\/"},"modified":"2025-07-16T16:42:11","modified_gmt":"2025-07-16T16:42:11","slug":"la-premiere-photo-de-nick-frost-en-hagrid-a-ete-devoilee","status":"publish","type":"post","link":"https:\/\/www.europesays.com\/fr\/251724\/","title":{"rendered":"La premi\u00e8re photo de Nick Frost en Hagrid a \u00e9t\u00e9 d\u00e9voil\u00e9e"},"content":{"rendered":"<p>Deux jours apr\u00e8s avoir d\u00e9voil\u00e9 un portrait du<a href=\"https:\/\/www.20minutes.fr\/arts-stars\/serie\/4163580-20250714-premiere-photo-nouvel-harry-potter-serie-hbo-devoilee\" class=\"color-ultramarine c-link\" target=\"_blank\" rel=\"noopener\"> nouvel Harry Potter<\/a> en costume, <a href=\"https:\/\/www.20minutes.fr\/dossier\/hbo\" class=\"color-ultramarine c-link\" target=\"_blank\" rel=\"noopener\">HBO<\/a> remet \u00e7a en publiant le premier clich\u00e9 de l\u2019acteur et humoriste britannique Nick Frost grim\u00e9 et v\u00eatu en Rubeus Hagrid, le colosse qu\u2019il interpr\u00e9tera dans la d\u00e9clinaison en s\u00e9rie de la <a href=\"https:\/\/www.20minutes.fr\/dossier\/harry_potter\" class=\"color-ultramarine c-link\" target=\"_blank\" rel=\"noopener\">saga Harry Potter<\/a>, rapporte <a href=\"https:\/\/variety.com\/2025\/tv\/global\/harry-potter-nick-frost-hagrid-photo-1236460700\/\" rel=\"nofollow noopener\" target=\"_blank\" class=\"color-ultramarine c-link\">Variety<\/a>.<\/p>\n<\/p>\n<p>Et le moins qu\u2019on puisse dire, c\u2019est qu\u2019avec sa grande barbe et ses cheveux longs, l\u2019acteur a l\u2019air de parfaitement rentrer \u00ab\u00a0dans les grandes bottes\u00a0\u00bb de son personnage, comme le pr\u00e9cise HBO en l\u00e9gende d\u2019une photo post\u00e9e sur <a href=\"https:\/\/www.20minutes.fr\/high-tech\/instagram\/\" class=\"color-ultramarine c-link\" target=\"_blank\" rel=\"noopener\">Instagram<\/a>.<\/p>\n<p class=\"mb-xxl@xs color-ultramarine font-weight-semi-bold@xs font-source-serif-pro heading-s@xs\">L\u2019acc\u00e8s \u00e0 ce contenu a \u00e9t\u00e9 bloqu\u00e9 afin de respecter votre choix de consentement<\/p>\n<p class=\"mb-m@xs text-l@xs\">En cliquant sur\u00ab J\u2019accepte \u00bb, vous acceptez le d\u00e9p\u00f4t de cookies par des services externes et aurez ainsi acc\u00e8s aux contenus de nos partenaires.<\/p>\n<p class=\"mb-xl@xs text-s@xs\">Plus d\u2019informations sur la page<a href=\"https:\/\/www.20minutes.fr\/gestion-cookies\" class=\"mx-xxs@xs color-ultramarine\" target=\"_blank\" rel=\"noopener\">Politique de gestion des cookies<\/a><\/p>\n<p>J\u2019accepte<\/p>\n<p>Devenu c\u00e9l\u00e8bre apr\u00e8s avoir jou\u00e9 dans les com\u00e9dies parodiques Shaun of the Dead et Hot Fuzz et le film <a href=\"https:\/\/www.20minutes.fr\/cinema\/324385-20090506-comme-bon-vieux-rock-roll\" class=\"color-ultramarine c-link\" target=\"_blank\" rel=\"noopener\">Good Morning England<\/a>, le meilleur ami de <a href=\"https:\/\/www.20minutes.fr\/arts-stars\/cinema\/festival_de_cannes\/4154128-20250521-mission-impossible-simon-pegg-eternel-complice-tom-cruise\" class=\"color-ultramarine c-link\" target=\"_blank\" rel=\"noopener\">Simon Pegg<\/a> prendra donc la rel\u00e8ve de l\u2019\u00e9cossais Robbie Coltrane, d\u00e9c\u00e9d\u00e9 en octobre\u00a02022 et qui avait incarn\u00e9 Hagrid les sept films de la s\u00e9rie, jusqu\u2019en\u00a02011.<\/p>\n<p><a href=\"https:\/\/www.20minutes.fr\/dossier\/harry_potter\" class=\"c-link c-btn c-btn--primary\" target=\"_blank\" rel=\"noopener\">Notre dossier \u00ab Harry Potter \u00bb<\/a><\/p>\n<p>Actuellement en production \u2013 et annonc\u00e9e pour\u00a02027 \u2013, La s\u00e9rie de HBO ambitionne d\u2019\u00eatre une \u00ab\u00a0adaptation fid\u00e8le\u00a0\u00bb des romans de <a href=\"https:\/\/www.20minutes.fr\/dossier\/j_k_rowling\" class=\"color-ultramarine c-link\" target=\"_blank\" rel=\"noopener\">J.K. Rowling<\/a>. On pourra donc y d\u00e9couvrir Nick Frost en Hagrid, mais aussi Dominic McLaughlin en Harry Potter, <a href=\"https:\/\/www.20minutes.fr\/arts-stars\/serie\/4155827-20250528-harry-potter-serie-connait-enfin-jeunes-acteurs-incarneront-harry-hermione-ron\" class=\"color-ultramarine c-link\" target=\"_blank\" rel=\"noopener\">Arabella Stanton en Hermione Granger, Alastair Stout en Ron Weasley<\/a> et <a href=\"https:\/\/www.20minutes.fr\/arts-stars\/serie\/4148586-20250414-harry-potter-serie-sait-enfin-va-interpreter-dumbledore-hagrid-minerva-mcgonagall-severus-rogue\" class=\"color-ultramarine c-link\" target=\"_blank\" rel=\"noopener\">John Lithgow en Dumbledore<\/a>.<\/p>\n","protected":false},"excerpt":{"rendered":"Deux jours apr\u00e8s avoir d\u00e9voil\u00e9 un portrait du nouvel Harry Potter en costume, HBO remet \u00e7a en publiant&hellip;\n","protected":false},"author":2,"featured_media":251725,"comment_status":"","ping_status":"","sticky":false,"template":"","format":"standard","meta":{"footnotes":""},"categories":[1354],"tags":[253,58,59,1346,1011,27,6610,5547,2701,2440,10659,1360,10600,521,133],"class_list":{"0":"post-251724","1":"post","2":"type-post","3":"status-publish","4":"format-standard","5":"has-post-thumbnail","7":"category-films","8":"tag-acteur","9":"tag-divertissement","10":"tag-entertainment","11":"tag-films","12":"tag-fr","13":"tag-france","14":"tag-harry-potter","15":"tag-hbo","16":"tag-humoriste","17":"tag-instagram","18":"tag-j-k-rowling","19":"tag-movies","20":"tag-saga","21":"tag-serie","22":"tag-video"},"share_on_mastodon":{"url":"https:\/\/pubeurope.com\/@fr\/114863914744464645","error":""},"_links":{"self":[{"href":"https:\/\/www.europesays.com\/fr\/wp-json\/wp\/v2\/posts\/251724","targetHints":{"allow":["GET"]}}],"collection":[{"href":"https:\/\/www.europesays.com\/fr\/wp-json\/wp\/v2\/posts"}],"about":[{"href":"https:\/\/www.europesays.com\/fr\/wp-json\/wp\/v2\/types\/post"}],"author":[{"embeddable":true,"href":"https:\/\/www.europesays.com\/fr\/wp-json\/wp\/v2\/users\/2"}],"replies":[{"embeddable":true,"href":"https:\/\/www.europesays.com\/fr\/wp-json\/wp\/v2\/comments?post=251724"}],"version-history":[{"count":0,"href":"https:\/\/www.europesays.com\/fr\/wp-json\/wp\/v2\/posts\/251724\/revisions"}],"wp:featuredmedia":[{"embeddable":true,"href":"https:\/\/www.europesays.com\/fr\/wp-json\/wp\/v2\/media\/251725"}],"wp:attachment":[{"href":"https:\/\/www.europesays.com\/fr\/wp-json\/wp\/v2\/media?parent=251724"}],"wp:term":[{"taxonomy":"category","embeddable":true,"href":"https:\/\/www.europesays.com\/fr\/wp-json\/wp\/v2\/categories?post=251724"},{"taxonomy":"post_tag","embeddable":true,"href":"https:\/\/www.europesays.com\/fr\/wp-json\/wp\/v2\/tags?post=251724"}],"curies":[{"name":"wp","href":"https:\/\/api.w.org\/{rel}","templated":true}]}}