{"id":251726,"date":"2025-07-16T16:43:09","date_gmt":"2025-07-16T16:43:09","guid":{"rendered":"https:\/\/www.europesays.com\/fr\/251726\/"},"modified":"2025-07-16T16:43:09","modified_gmt":"2025-07-16T16:43:09","slug":"douze-foyers-de-transmission-et-une-trentaine-de-cas-identifies-en-metropole","status":"publish","type":"post","link":"https:\/\/www.europesays.com\/fr\/251726\/","title":{"rendered":"Douze foyers de transmission et une trentaine de cas identifi\u00e9s en m\u00e9tropole"},"content":{"rendered":"<p>Alors que le virus circule \u00e0 un niveau jamais vu en France m\u00e9tropolitaine depuis plusieurs semaines, douze foyers de transmission du <a href=\"https:\/\/www.20minutes.fr\/dossier\/chikungunya\" class=\"color-ultramarine c-link\" rel=\"nofollow noopener\" target=\"_blank\">chikungunya <\/a>y sont d\u00e9sormais recens\u00e9s. Une trentaine de cas au total ont \u00e9t\u00e9 comptabilis\u00e9s, a annonc\u00e9 mercredi <a href=\"https:\/\/www.santepubliquefrance.fr\/maladies-et-traumatismes\/maladies-a-transmission-vectorielle\/chikungunya\" target=\"_blank\" class=\"color-ultramarine c-link\" rel=\"nofollow noopener\">Sant\u00e9 publique France<\/a>, qui pr\u00e9vient que cette tendance \u00e0 la hausse risque de se prolonger.<\/p>\n<p>\u00ab\u00a0Le nombre de foyers de transmission illustre le risque important de transmission autochtone de ces virus en France hexagonale\u00a0\u00bb, pr\u00e9vient l\u2019agence de sant\u00e9 publique dans un bilan hebdomadaire.<\/p>\n<p>\u00ab\u00a0D\u2019autres cas seront vraisemblablement identifi\u00e9s y compris en dehors des zones habituelles de transmission.\u00a0\u00bb Le virus, qui se transmet via des piq\u00fbres de moustique tigre, provoque de fortes fi\u00e8vres ainsi que des douleurs musculaires.<\/p>\n<p>Un cas autochtone de dengue signal\u00e9 en Auvergne-Rh\u00f4ne-Alpes<\/p>\n<p>\u00ab\u00a0A Salon-de-Provence, 13 cas ont \u00e9t\u00e9 identifi\u00e9s dont deux cas domicili\u00e9s dans les communes voisines de Grans et Lambesc\u00a0\u00bb, signale notamment Sant\u00e9 publique France. \u00ab\u00a0Il s\u2019agit du foyer le plus \u00e9tendu \u00e0 ce stade.\u00a0\u00bb<\/p>\n<p>Ce niveau, exceptionnellement \u00e9lev\u00e9 en m\u00e9tropole aussi t\u00f4t dans l\u2019\u00e9t\u00e9, s\u2019explique notamment par une \u00e9pid\u00e9mie outre-mer qui a frapp\u00e9 La <a href=\"https:\/\/www.20minutes.fr\/societe\/reunion\/\" class=\"color-ultramarine c-link\" rel=\"nofollow noopener\" target=\"_blank\">R\u00e9union<\/a> et <a href=\"https:\/\/www.20minutes.fr\/dossier\/mayotte\" class=\"color-ultramarine c-link\" rel=\"nofollow noopener\" target=\"_blank\">Mayotte<\/a> ces derniers mois. Les autorit\u00e9s sanitaires ont enregistr\u00e9 depuis le printemps plusieurs centaines de cas arriv\u00e9s en m\u00e9tropole depuis La R\u00e9union.<\/p>\n<\/p>\n<p>A cela s\u2019ajoute par ailleurs un cas autochtone de dengue, signal\u00e9 d\u00e9but juillet en <a href=\"https:\/\/www.20minutes.fr\/lyon\/auvergne-rhone-alpes\/\" class=\"color-ultramarine c-link\" rel=\"nofollow noopener\" target=\"_blank\">Auvergne-Rh\u00f4ne-Alpes<\/a>. C\u2019est pour l\u2019heure le seul en m\u00e9tropole, cette maladie \u00e9tant \u00e9galement transmise par le moustique tigre.<\/p>\n<p>Le risque d\u2019une transmission \u00e9pid\u00e9mique de ces virus en m\u00e9tropole est aussi accru par les fortes chaleurs\u00a0: les temp\u00e9ratures \u00e9lev\u00e9es contribuent en effet \u00e0 la circulation du moustique tigre, un ph\u00e9nom\u00e8ne accentu\u00e9 par le <a href=\"https:\/\/www.20minutes.fr\/dossier\/rechauffement-climatique\" class=\"color-ultramarine c-link\" rel=\"nofollow noopener\" target=\"_blank\">r\u00e9chauffement climatique<\/a>.<\/p>\n","protected":false},"excerpt":{"rendered":"Alors que le virus circule \u00e0 un niveau jamais vu en France m\u00e9tropolitaine depuis plusieurs semaines, douze foyers&hellip;\n","protected":false},"author":2,"featured_media":251727,"comment_status":"","ping_status":"","sticky":false,"template":"","format":"standard","meta":{"footnotes":""},"categories":[10],"tags":[47,2430,6443,16380,1011,27,72,6442,8245,71,5699],"class_list":{"0":"post-251726","1":"post","2":"type-post","3":"status-publish","4":"format-standard","5":"has-post-thumbnail","7":"category-sante","8":"tag-actualite","9":"tag-auvergne-rhone-alpes","10":"tag-chikungunya","11":"tag-dengue","12":"tag-fr","13":"tag-france","14":"tag-health","15":"tag-ile-de-la-reunion","16":"tag-mayotte","17":"tag-sante","18":"tag-sante-publique"},"share_on_mastodon":{"url":"https:\/\/pubeurope.com\/@fr\/114863918583565499","error":""},"_links":{"self":[{"href":"https:\/\/www.europesays.com\/fr\/wp-json\/wp\/v2\/posts\/251726","targetHints":{"allow":["GET"]}}],"collection":[{"href":"https:\/\/www.europesays.com\/fr\/wp-json\/wp\/v2\/posts"}],"about":[{"href":"https:\/\/www.europesays.com\/fr\/wp-json\/wp\/v2\/types\/post"}],"author":[{"embeddable":true,"href":"https:\/\/www.europesays.com\/fr\/wp-json\/wp\/v2\/users\/2"}],"replies":[{"embeddable":true,"href":"https:\/\/www.europesays.com\/fr\/wp-json\/wp\/v2\/comments?post=251726"}],"version-history":[{"count":0,"href":"https:\/\/www.europesays.com\/fr\/wp-json\/wp\/v2\/posts\/251726\/revisions"}],"wp:featuredmedia":[{"embeddable":true,"href":"https:\/\/www.europesays.com\/fr\/wp-json\/wp\/v2\/media\/251727"}],"wp:attachment":[{"href":"https:\/\/www.europesays.com\/fr\/wp-json\/wp\/v2\/media?parent=251726"}],"wp:term":[{"taxonomy":"category","embeddable":true,"href":"https:\/\/www.europesays.com\/fr\/wp-json\/wp\/v2\/categories?post=251726"},{"taxonomy":"post_tag","embeddable":true,"href":"https:\/\/www.europesays.com\/fr\/wp-json\/wp\/v2\/tags?post=251726"}],"curies":[{"name":"wp","href":"https:\/\/api.w.org\/{rel}","templated":true}]}}