{"id":251736,"date":"2025-07-16T16:48:09","date_gmt":"2025-07-16T16:48:09","guid":{"rendered":"https:\/\/www.europesays.com\/fr\/251736\/"},"modified":"2025-07-16T16:48:09","modified_gmt":"2025-07-16T16:48:09","slug":"un-bebe-chute-de-50-metres-lors-dune-randonnee-en-montagne-apres-un-moment-dinattention-de-la-part-de-sa-mere","status":"publish","type":"post","link":"https:\/\/www.europesays.com\/fr\/251736\/","title":{"rendered":"Un b\u00e9b\u00e9 chute de 50 m\u00e8tres lors d&rsquo;une randonn\u00e9e en montagne apr\u00e8s un moment d&rsquo;inattention de la part de sa m\u00e8re"},"content":{"rendered":"<p>Un b\u00e9b\u00e9 \u00e2g\u00e9 de dix semaines a fait une chute d&rsquo;environ cinquante m\u00e8tres dans sa poussette, avant d&rsquo;\u00eatre \u00e9ject\u00e9 au cours de plusieurs tonneaux dans les Alpes autrichiennes, relate <a href=\"https:\/\/tirol.orf.at\/stories\/3313574\/\" target=\"_blank\" rel=\"nofollow noopener\">la radio Tyrol ORF<\/a>.<\/p>\n<p>L&rsquo;accident s&rsquo;est d\u00e9roul\u00e9 ce lundi 14 juillet, sur un sentier de randonn\u00e9e de la commune de Fiss, dans le Tyrol, \u00e0 environ 1\u202f300\u202fm d&rsquo;altitude. Une jeune m\u00e8re allemande de 23 ans, originaire de Leipzig, marchait en montagne avec son compagnon et leur nourrisson, confortablement install\u00e9 dans sa poussette.<\/p>\n<p>Selon les informations relay\u00e9es par la station de radio, la jeune femme aurait bri\u00e8vement gar\u00e9 la poussette pour ouvrir un portail, sans enclencher les freins. En l&rsquo;espace de quelques secondes, la poussette a commenc\u00e9 \u00e0 glisser sur la pente abrupte.<\/p>\n<p>Une chute de 50 m\u00e8tres et plusieurs tonneaux<strong\/><\/p>\n<p>La poussette a d\u00e9val\u00e9 une pente avant de chuter d&rsquo;environ <strong>50 m\u00e8tres dans un ravin<\/strong>, effectuant <strong>plusieurs tonneaux<\/strong>. Le b\u00e9b\u00e9 a \u00e9t\u00e9 \u00e9ject\u00e9 du landau avant d&rsquo;atterrir dans un pr\u00e9, selon le communiqu\u00e9 de la police du Tyrol.<\/p>\n<p>Des secouristes de montagne se trouvaient \u00e0 proximit\u00e9 et sont rapidement intervenus. Le nourrisson, bless\u00e9, a \u00e9t\u00e9 imm\u00e9diatement pris en charge et h\u00e9liport\u00e9, avec sa m\u00e8re, vers l&rsquo;h\u00f4pital du district de Zams, puis vers l&rsquo;h\u00f4pital universitaire d&rsquo;Innsbruck pour des examens et une surveillance.<\/p>\n<p>\u00ab\u00a0L&rsquo;enfant a eu beaucoup de chance\u00a0\u00bb<\/p>\n<p>Le porte-parole de l&rsquo;h\u00f4pital, Johannes Schwamberger, s&rsquo;est exprim\u00e9 mardi matin aupr\u00e8s de l&rsquo;agence APA, relaie <a href=\"https:\/\/www.leparisien.fr\/faits-divers\/un-bebe-de-dix-semaines-survit-a-une-chute-de-50-m-et-a-plusieurs-tonneaux-dans-sa-poussette-lors-dune-randonnee-dans-les-alpes-16-07-2025-G6ENQW7K2JEUHKTNB34GZ4EYBE.php\" target=\"_blank\" rel=\"nofollow noopener\">Le Parisien<\/a> :<\/p>\n<p>\u00ab\u00a0Compte tenu de la gravit\u00e9 de l&rsquo;accident, l&rsquo;enfant a eu beaucoup de chance\u00a0\u00bb. Le porte-parole s&rsquo;est voulu rassurant sur son \u00e9tat : \u00ab\u00a0Il se r\u00e9tablira.\u00a0\u00bb<\/p>\n<p>Selon les m\u00e9decins, le pronostic vital de l&rsquo;enfant n&rsquo;est pas engag\u00e9, une issue miraculeuse compte tenu de la violence de l&rsquo;accident.<\/p>\n<p>Une enqu\u00eate ouverte pour n\u00e9gligence<\/p>\n<p>Une enqu\u00eate a \u00e9t\u00e9 ouverte par la<strong> <\/strong>police autrichienne pour d\u00e9terminer les circonstances exactes. L&rsquo;enqu\u00eate est men\u00e9e pour coups et blessures par n\u00e9gligence sur mineur. Le p\u00e8re de l&rsquo;enfant, \u00e9galement pr\u00e9sent lors de la randonn\u00e9e, n&rsquo;a pas encore \u00e9t\u00e9 auditionn\u00e9. Les deux parents \u00e9taient en \u00e9tat de choc au moment des faits, a pr\u00e9cis\u00e9 la police.<\/p>\n","protected":false},"excerpt":{"rendered":"Un b\u00e9b\u00e9 \u00e2g\u00e9 de dix semaines a fait une chute d&rsquo;environ cinquante m\u00e8tres dans sa poussette, avant d&rsquo;\u00eatre&hellip;\n","protected":false},"author":2,"featured_media":251737,"comment_status":"","ping_status":"","sticky":false,"template":"","format":"standard","meta":{"footnotes":""},"categories":[5],"tags":[17,11,3493,1102,837,4440,274,1011,27,14,7826,29796,5324,12,7553,28],"class_list":{"0":"post-251736","1":"post","2":"type-post","3":"status-publish","4":"format-standard","5":"has-post-thumbnail","7":"category-international","8":"tag-17","9":"tag-actualites","10":"tag-bebe","11":"tag-breakingnews","12":"tag-chute","13":"tag-dune","14":"tag-faits-divers-justice","15":"tag-fr","16":"tag-france","17":"tag-international","18":"tag-lors","19":"tag-metres","20":"tag-montagne","21":"tag-news","22":"tag-randonnee","23":"tag-world"},"share_on_mastodon":{"url":"https:\/\/pubeurope.com\/@fr\/114863938166062273","error":""},"_links":{"self":[{"href":"https:\/\/www.europesays.com\/fr\/wp-json\/wp\/v2\/posts\/251736","targetHints":{"allow":["GET"]}}],"collection":[{"href":"https:\/\/www.europesays.com\/fr\/wp-json\/wp\/v2\/posts"}],"about":[{"href":"https:\/\/www.europesays.com\/fr\/wp-json\/wp\/v2\/types\/post"}],"author":[{"embeddable":true,"href":"https:\/\/www.europesays.com\/fr\/wp-json\/wp\/v2\/users\/2"}],"replies":[{"embeddable":true,"href":"https:\/\/www.europesays.com\/fr\/wp-json\/wp\/v2\/comments?post=251736"}],"version-history":[{"count":0,"href":"https:\/\/www.europesays.com\/fr\/wp-json\/wp\/v2\/posts\/251736\/revisions"}],"wp:featuredmedia":[{"embeddable":true,"href":"https:\/\/www.europesays.com\/fr\/wp-json\/wp\/v2\/media\/251737"}],"wp:attachment":[{"href":"https:\/\/www.europesays.com\/fr\/wp-json\/wp\/v2\/media?parent=251736"}],"wp:term":[{"taxonomy":"category","embeddable":true,"href":"https:\/\/www.europesays.com\/fr\/wp-json\/wp\/v2\/categories?post=251736"},{"taxonomy":"post_tag","embeddable":true,"href":"https:\/\/www.europesays.com\/fr\/wp-json\/wp\/v2\/tags?post=251736"}],"curies":[{"name":"wp","href":"https:\/\/api.w.org\/{rel}","templated":true}]}}