{"id":251740,"date":"2025-07-16T16:50:14","date_gmt":"2025-07-16T16:50:14","guid":{"rendered":"https:\/\/www.europesays.com\/fr\/251740\/"},"modified":"2025-07-16T16:50:14","modified_gmt":"2025-07-16T16:50:14","slug":"rachida-a-tres-envie-detre-candidate-elle-sorganise-pour-dati-prete-a-se-lancer-face-a-barnier-aux-legislatives-a-paris","status":"publish","type":"post","link":"https:\/\/www.europesays.com\/fr\/251740\/","title":{"rendered":"\u00ab\u00a0Rachida a tr\u00e8s envie d\u2019\u00eatre candidate, elle s\u2019organise pour\u00a0\u00bb\u00a0: Dati pr\u00eate \u00e0 se lancer face \u00e0 Barnier aux l\u00e9gislatives \u00e0 Paris"},"content":{"rendered":"<p class=\"paragraph text_align_left lp-f-body-02\">Va-t-on vers un remake de la guerre des droites \u00e0 Paris ? Moins de vingt-quatre heures apr\u00e8s l\u2019annonce officielle de <a href=\"https:\/\/www.leparisien.fr\/politique\/michel-barnier\/\" target=\"_blank\" rel=\"noreferrer nofollow noopener\">Michel Barnier<\/a> de <a href=\"https:\/\/www.leparisien.fr\/politique\/legislative-partielle-michel-barnier-annonce-sa-candidature-dans-la-2e-circonscription-de-paris-15-07-2025-YXQGEZXVJRBYDL334QO4Y3R5AQ.php\" target=\"_blank\" rel=\"noreferrer nofollow noopener\">concourir dans la l\u00e9gislative partielle de la 2e circonscription<\/a> de la capitale, un autre poids lourd est sur le point d\u2019annoncer \u00e0 son tour sa candidature. Et pas n\u2019importe qui : <a href=\"https:\/\/www.leparisien.fr\/politique\/rachida-dati\/\" target=\"_blank\" rel=\"noreferrer nofollow noopener\">Rachida Dati<\/a>, l\u2019actuelle maire du VIIe arrondissement (dans le p\u00e9rim\u00e8tre de la circonscription concern\u00e9e), ministre de la Culture et candidate d\u00e9clar\u00e9e aux prochaines municipales. <\/p>\n<p class=\"paragraph text_align_left lp-f-body-02\">\u00ab Elle assumera ses responsabilit\u00e9s dans cette partielle qui arrive de mani\u00e8re inattendue. Elle a demand\u00e9 \u00e0 \u00eatre entendue par la commission d\u2019investiture des R\u00e9publicains \u00bb, fait savoir son entourage apr\u00e8s du Parisien-Aujourd\u2019hui en France. Traduction plus directe d\u2019un \u00e9lu avec qui elle a \u00e9chang\u00e9 ces derni\u00e8res heures : \u00ab Oui, Rachida a tr\u00e8s envie d\u2019\u00eatre candidate, elle s\u2019organise pour. \u00bb<\/p>\n<p class=\"paragraph text_align_left lp-f-body-02\">Les ambitions de <a href=\"https:\/\/www.leparisien.fr\/politique\/michel-barnier-israel-a-pris-une-responsabilite-importante-il-faut-desormais-contenir-les-risques-descalade-14-06-2025-VC4YOX2KLBAZ5F27M4OHIAVJDI.php\" target=\"_blank\" rel=\"noreferrer nofollow noopener\">Michel Barnier<\/a> dans cette circonscription ne sont pas \u00e9trang\u00e8res \u00e0 la situation. Mardi, <a href=\"https:\/\/www.leparisien.fr\/politique\/budget-2026-jours-feries-annee-blanche-secu-ce-quil-faut-retenir-des-annonces-de-francois-bayrou-15-07-2025-AIWQT25AFBEADHXVMOAA6ORGMM.php\" target=\"_blank\" rel=\"noreferrer nofollow noopener\">en pleine conf\u00e9rence de presse de Fran\u00e7ois Bayrou sur les finances publiques<\/a>, l\u2019ancien Premier ministre LR, qui ne cache par ailleurs pas ses ambitions pr\u00e9sidentielles, a fait savoir sur les r\u00e9seaux sociaux qu\u2019il comptait mener bataille dans cette circonscription sans d\u00e9put\u00e9 depuis que le macroniste sortant, Jean Lassucq, a \u00e9t\u00e9 <a href=\"https:\/\/www.leparisien.fr\/elections\/trois-deputes-contraints-de-demissionner-apres-avoir-ete-declares-ineligibles-par-le-conseil-constitutionnel-11-07-2025-SPWSUBIIBZCRLL2HICEIQ2Z3TA.php\" target=\"_blank\" rel=\"noreferrer nofollow noopener\">d\u00e9clar\u00e9 in\u00e9ligible par le Conseil constitutionnel<\/a> le 11 juillet pour des raisons de comptes de campagne. <\/p>\n<p class=\"paragraph text_align_left lp-f-body-02\">\u00ab Dans le moment tr\u00e8s grave o\u00f9 nous sommes pour notre pays (\u2026) j\u2019ai d\u00e9cid\u00e9 de proposer ma candidature \u00e0 l\u2019\u00e9lection partielle dans deuxi\u00e8me circonscription de Paris \u00bb, a ainsi affirm\u00e9 le Savoyard sur le r\u00e9seau X, voulant s\u2019inscrire dans une \u00ab d\u00e9marche de rassemblement de la droite et du centre \u00bb. Quand elle a d\u00e9couvert le message, Dati a vu rouge.<\/p>\n<p class=\"paragraph text_align_left lp-f-body-02\">Ni une, ni deux, les boucles internes ont chauff\u00e9. Y compris chez Renaissance qui per\u00e7oit cette candidature comme une d\u00e9claration de guerre de LR pour ravir un si\u00e8ge au groupe pr\u00e9sidentiel dirig\u00e9 par <a href=\"https:\/\/www.leparisien.fr\/politique\/gabriel-attal\/\" target=\"_blank\" rel=\"noreferrer nofollow noopener\">Gabriel Attal<\/a>. Et pour Rachida Dati, c\u2019est l\u2019ombre d\u2019un poids lourd \u00e0 Paris qui appara\u00eet et qui pourrait, potentiellement, lui mettre des b\u00e2tons dans les roues en vue de sa candidature pour les municipales de mars 2026.<\/p>\n<p>\u00ab La deuxi\u00e8me circonscription ne peut pas \u00eatre un marchepied pour la pr\u00e9sidentielle \u00bb<\/p>\n<p class=\"paragraph text_align_left lp-f-body-02\">\u00ab La deuxi\u00e8me circonscription ne peut pas \u00eatre un marchepied pour la pr\u00e9sidentielle, ni l\u2019instrument d\u2019ambitions personnelles nationales. Les Parisiens attendent de l\u2019alternance apr\u00e8s des ann\u00e9es de r\u00e8gne d<a href=\"https:\/\/www.leparisien.fr\/politique\/anne-hidalgo\/\" target=\"_blank\" rel=\"noreferrer nofollow noopener\">\u2019Anne Hidalgo<\/a>, pas d\u2019\u00eatre utilis\u00e9s pour 2027 \u00bb, tance un \u00e9lu LR qui d\u00e9nonce le parachutage de Barnier. \u00ab Comment va-t-il faire sa campagne dans une circonscription dont il ignore tout des enjeux ? Il a clam\u00e9 son amour de la montagne toute sa vie, se disant m\u00eame montagnard \u00e9loign\u00e9, je le cite, du club parisien \u00bb, attaque un autre. Ambiance.<\/p>\n<p class=\"paragraph text_align_left lp-f-body-02\">Dati et Barnier se connaissent de longue date. Ils ont fait duo aux europ\u00e9ennes de 2009, ils se sont retrouv\u00e9s en septembre 2024 quand il a \u00e9t\u00e9 nomm\u00e9 \u00e0 Matignon. Voil\u00e0 en tout cas un casse-t\u00eate que la commission d\u2019investiture de LR, pr\u00e9sid\u00e9e par <a href=\"https:\/\/www.leparisien.fr\/politique\/elle-est-completement-invisible-annie-genevard-ministre-de-lagriculture-sur-la-reserve-18-11-2024-QLEGY55EVZEODKLHQ4QUL3NADY.php\" target=\"_blank\" rel=\"noreferrer nofollow noopener\">Annie Genevard<\/a> (par ailleurs ministre de l\u2019Agriculture), va devoir r\u00e9soudre tr\u00e8s prochainement. <\/p>\n<p class=\"paragraph text_align_left lp-f-body-02\">Si elle est bel et bien candidate, Rachida Dati quittera-t-elle pour autant ses fonctions de ministre ? En coulisses, les choses s\u2019acc\u00e9l\u00e8rent pour former un ticket (peut-\u00eatre un Renaissance en suppl\u00e9ant). Apr\u00e8s la d\u00e9cision du Conseil constitutionnel, le 11 juillet, l\u2019\u00e9lection doit avoir lieu au plus tard \u00e0 la mi-octobre.<\/p>\n","protected":false},"excerpt":{"rendered":"Va-t-on vers un remake de la guerre des droites \u00e0 Paris ? Moins de vingt-quatre heures apr\u00e8s l\u2019annonce&hellip;\n","protected":false},"author":2,"featured_media":182820,"comment_status":"","ping_status":"","sticky":false,"template":"","format":"standard","meta":{"footnotes":""},"categories":[2],"tags":[11,5949,1011,27,39201,12,316],"class_list":{"0":"post-251740","1":"post","2":"type-post","3":"status-publish","4":"format-standard","5":"has-post-thumbnail","7":"category-actualites","8":"tag-actualites","9":"tag-elections","10":"tag-fr","11":"tag-france","12":"tag-legislatives","13":"tag-news","14":"tag-politique"},"share_on_mastodon":{"url":"https:\/\/pubeurope.com\/@fr\/114863946119677774","error":""},"_links":{"self":[{"href":"https:\/\/www.europesays.com\/fr\/wp-json\/wp\/v2\/posts\/251740","targetHints":{"allow":["GET"]}}],"collection":[{"href":"https:\/\/www.europesays.com\/fr\/wp-json\/wp\/v2\/posts"}],"about":[{"href":"https:\/\/www.europesays.com\/fr\/wp-json\/wp\/v2\/types\/post"}],"author":[{"embeddable":true,"href":"https:\/\/www.europesays.com\/fr\/wp-json\/wp\/v2\/users\/2"}],"replies":[{"embeddable":true,"href":"https:\/\/www.europesays.com\/fr\/wp-json\/wp\/v2\/comments?post=251740"}],"version-history":[{"count":0,"href":"https:\/\/www.europesays.com\/fr\/wp-json\/wp\/v2\/posts\/251740\/revisions"}],"wp:featuredmedia":[{"embeddable":true,"href":"https:\/\/www.europesays.com\/fr\/wp-json\/wp\/v2\/media\/182820"}],"wp:attachment":[{"href":"https:\/\/www.europesays.com\/fr\/wp-json\/wp\/v2\/media?parent=251740"}],"wp:term":[{"taxonomy":"category","embeddable":true,"href":"https:\/\/www.europesays.com\/fr\/wp-json\/wp\/v2\/categories?post=251740"},{"taxonomy":"post_tag","embeddable":true,"href":"https:\/\/www.europesays.com\/fr\/wp-json\/wp\/v2\/tags?post=251740"}],"curies":[{"name":"wp","href":"https:\/\/api.w.org\/{rel}","templated":true}]}}